{"id":10185,"date":"2024-07-25T12:14:21","date_gmt":"2024-07-25T12:14:21","guid":{"rendered":"http:\/\/gazetevizyon.com\/?p=10185"},"modified":"2024-07-25T12:14:21","modified_gmt":"2024-07-25T12:14:21","slug":"chp-genel-baskani-ozgur-ozel-balikesire-geliyor","status":"publish","type":"post","link":"http:\/\/gazetevizyon.com\/?p=10185","title":{"rendered":"CHP Genel Ba\u015fkan\u0131 \u00d6zg\u00fcr \u00d6zel, Bal\u0131kesir&#8217;e Geliyor"},"content":{"rendered":"<p>CHP Genel Ba\u015fkan\u0131 \u00d6zg\u00fcr \u00d6zel, 25 Temmuz Per\u015fembe g\u00fcn\u00fc Bal\u0131kesir&#8217;de olacak.<\/p>\n<p> CHP Bal\u0131kesir Milletvekili Serkan Sar\u0131, yapt\u0131\u011f\u0131 a\u00e7\u0131klamada, Genel Ba\u015fkan \u00d6zg\u00fcr \u00d6zel&#8217;in halkla bulu\u015fma etkinli\u011fi kapsam\u0131nda Bal\u0131kesir&#8217;de \u00e7e\u015fitli temaslarda bulunaca\u011f\u0131n\u0131 belirtti.<\/p>\n<p> Serkan Sar\u0131, Bal\u0131kesir halk\u0131n\u0131 b\u00fcy\u00fck\u015fehir belediyesi \u00f6n\u00fcnde saat 13.00&#8217;te ger\u00e7ekle\u015ftirilecek bulu\u015fmaya davet etti.<\/p>\n<p> Bu etkinlik, partinin halka daha yak\u0131n olma ve yerel ihtiya\u00e7lar\u0131 do\u011frudan dinleme amac\u0131 ta\u015f\u0131yor.<\/p>\n","protected":false},"excerpt":{"rendered":"<p>CHP Genel Ba\u015fkan\u0131 \u00d6zg\u00fcr \u00d6zel, 25 Temmuz Per\u015fembe g\u00fcn\u00fc Bal\u0131kesir&#8217;de olacak. CHP Bal\u0131kesir Milletvekili Serkan Sar\u0131, yapt\u0131\u011f\u0131 a\u00e7\u0131klamada, Genel Ba\u015fkan \u00d6zg\u00fcr \u00d6zel&#8217;in halkla bulu\u015fma etkinli\u011fi kapsam\u0131nda Bal\u0131kesir&#8217;de \u00e7e\u015fitli temaslarda bulunaca\u011f\u0131n\u0131 belirtti. Serkan Sar\u0131, Bal\u0131kesir halk\u0131n\u0131 b\u00fcy\u00fck\u015fehir belediyesi \u00f6n\u00fcnde saat 13.00&#8217;te&#8230;<\/p>\n","protected":false},"author":1,"featured_media":10186,"comment_status":"closed","ping_status":"closed","sticky":false,"template":"","format":"standard","meta":{"footnotes":""},"categories":[23],"tags":[],"class_list":["post-10185","post","type-post","status-publish","format-standard","has-post-thumbnail","hentry","category-siyaset"],"_links":{"self":[{"href":"http:\/\/gazetevizyon.com\/index.php?rest_route=\/wp\/v2\/posts\/10185","targetHints":{"allow":["GET"]}}],"collection":[{"href":"http:\/\/gazetevizyon.com\/index.php?rest_route=\/wp\/v2\/posts"}],"about":[{"href":"http:\/\/gazetevizyon.com\/index.php?rest_route=\/wp\/v2\/types\/post"}],"author":[{"embeddable":true,"href":"http:\/\/gazetevizyon.com\/index.php?rest_route=\/wp\/v2\/users\/1"}],"replies":[{"embeddable":true,"href":"http:\/\/gazetevizyon.com\/index.php?rest_route=%2Fwp%2Fv2%2Fcomments&post=10185"}],"version-history":[{"count":0,"href":"http:\/\/gazetevizyon.com\/index.php?rest_route=\/wp\/v2\/posts\/10185\/revisions"}],"wp:featuredmedia":[{"embeddable":true,"href":"http:\/\/gazetevizyon.com\/index.php?rest_route=\/wp\/v2\/media\/10186"}],"wp:attachment":[{"href":"http:\/\/gazetevizyon.com\/index.php?rest_route=%2Fwp%2Fv2%2Fmedia&parent=10185"}],"wp:term":[{"taxonomy":"category","embeddable":true,"href":"http:\/\/gazetevizyon.com\/index.php?rest_route=%2Fwp%2Fv2%2Fcategories&post=10185"},{"taxonomy":"post_tag","embeddable":true,"href":"http:\/\/gazetevizyon.com\/index.php?rest_route=%2Fwp%2Fv2%2Ftags&post=10185"}],"curies":[{"name":"wp","href":"https:\/\/api.w.org\/{rel}","templated":true}]}}