{"id":10223,"date":"2024-07-28T15:09:39","date_gmt":"2024-07-28T15:09:39","guid":{"rendered":"http:\/\/gazetevizyon.com\/?p=10223"},"modified":"2024-07-28T15:09:39","modified_gmt":"2024-07-28T15:09:39","slug":"domates-ureticileri-krizde-yukselen-maliyetler-dusen-fiyatlar","status":"publish","type":"post","link":"http:\/\/gazetevizyon.com\/?p=10223","title":{"rendered":"Domates \u00dcreticileri Krizde: Y\u00fckselen Maliyetler, D\u00fc\u015fen Fiyatlar"},"content":{"rendered":"<p>    Bal\u0131kesir Milletvekili Turhan \u00c7\u00f6mez, domates \u00fcreticilerinin ciddi sorunlar ya\u015fad\u0131\u011f\u0131n\u0131 kamuoyuna duyurdu. \u00c7\u00f6mez\u2019in a\u00e7\u0131klamas\u0131na g\u00f6re, plans\u0131z ekim ve artan girdi maliyetleri, domates \u00fcreticilerini b\u00fcy\u00fck bir \u00e7\u0131kmaza s\u00fcr\u00fckledi. Bunun yan\u0131nda, sal\u00e7a \u00fcreticilerinin d\u00fc\u015f\u00fck kur nedeniyle ihracatta rekabet edememesi de domates \u00fcreticilerini zor durumda b\u0131rakt\u0131. <\/p>\n<p>    Domates \u00fcretim maliyetlerinin %150 oran\u0131nda artt\u0131\u011f\u0131n\u0131 belirten \u00c7\u00f6mez, sat\u0131\u015f fiyatlar\u0131n\u0131n bu art\u0131\u015f\u0131 kar\u015f\u0131lamad\u0131\u011f\u0131 ve yar\u0131ya indi\u011fine dikkat \u00e7ekti. \u00d6zellikle Marmara ve Ege B\u00f6lgesi&#8217;ndeki domates \u00fcreticisi \u00e7ift\u00e7iler, maliyetlerini kar\u015f\u0131layamad\u0131klar\u0131 i\u00e7in mahsullerini koyunlara yedirmek zorunda kal\u0131yor. \u00c7\u00f6mez, tar\u0131mdaki bu sorunlar\u0131n plans\u0131zl\u0131k, beceriksizlik ve aymazl\u0131ktan kaynakland\u0131\u011f\u0131n\u0131 ifade etti ve durumu bir nevi ihanet olarak nitelendirdi. <\/p>\n<p>    Bu durum, yerli \u00fcreticinin yan\u0131 s\u0131ra t\u00fcketicinin de ciddi \u015fekilde olumsuz etkilendi\u011fini g\u00f6steriyor. \u00c7\u00f6mez\u2019in yapt\u0131\u011f\u0131 bu a\u00e7\u0131klamalar, tar\u0131m politikalar\u0131n\u0131n yeniden g\u00f6zden ge\u00e7irilmesi gerekti\u011fini ortaya koydu.<\/p>\n","protected":false},"excerpt":{"rendered":"<p>Bal\u0131kesir Milletvekili Turhan \u00c7\u00f6mez, domates \u00fcreticilerinin ciddi sorunlar ya\u015fad\u0131\u011f\u0131n\u0131 kamuoyuna duyurdu. \u00c7\u00f6mez\u2019in a\u00e7\u0131klamas\u0131na g\u00f6re, plans\u0131z ekim ve artan girdi maliyetleri, domates \u00fcreticilerini b\u00fcy\u00fck bir \u00e7\u0131kmaza s\u00fcr\u00fckledi. Bunun yan\u0131nda, sal\u00e7a \u00fcreticilerinin d\u00fc\u015f\u00fck kur nedeniyle ihracatta rekabet edememesi de domates \u00fcreticilerini zor&#8230;<\/p>\n","protected":false},"author":1,"featured_media":10224,"comment_status":"closed","ping_status":"closed","sticky":false,"template":"","format":"standard","meta":{"footnotes":""},"categories":[23],"tags":[],"class_list":["post-10223","post","type-post","status-publish","format-standard","has-post-thumbnail","hentry","category-siyaset"],"_links":{"self":[{"href":"http:\/\/gazetevizyon.com\/index.php?rest_route=\/wp\/v2\/posts\/10223","targetHints":{"allow":["GET"]}}],"collection":[{"href":"http:\/\/gazetevizyon.com\/index.php?rest_route=\/wp\/v2\/posts"}],"about":[{"href":"http:\/\/gazetevizyon.com\/index.php?rest_route=\/wp\/v2\/types\/post"}],"author":[{"embeddable":true,"href":"http:\/\/gazetevizyon.com\/index.php?rest_route=\/wp\/v2\/users\/1"}],"replies":[{"embeddable":true,"href":"http:\/\/gazetevizyon.com\/index.php?rest_route=%2Fwp%2Fv2%2Fcomments&post=10223"}],"version-history":[{"count":0,"href":"http:\/\/gazetevizyon.com\/index.php?rest_route=\/wp\/v2\/posts\/10223\/revisions"}],"wp:featuredmedia":[{"embeddable":true,"href":"http:\/\/gazetevizyon.com\/index.php?rest_route=\/wp\/v2\/media\/10224"}],"wp:attachment":[{"href":"http:\/\/gazetevizyon.com\/index.php?rest_route=%2Fwp%2Fv2%2Fmedia&parent=10223"}],"wp:term":[{"taxonomy":"category","embeddable":true,"href":"http:\/\/gazetevizyon.com\/index.php?rest_route=%2Fwp%2Fv2%2Fcategories&post=10223"},{"taxonomy":"post_tag","embeddable":true,"href":"http:\/\/gazetevizyon.com\/index.php?rest_route=%2Fwp%2Fv2%2Ftags&post=10223"}],"curies":[{"name":"wp","href":"https:\/\/api.w.org\/{rel}","templated":true}]}}