{"id":10368,"date":"2024-08-01T04:42:55","date_gmt":"2024-08-01T04:42:55","guid":{"rendered":"http:\/\/gazetevizyon.com\/?p=10368"},"modified":"2024-08-01T04:42:55","modified_gmt":"2024-08-01T04:42:55","slug":"ak-parti-balikesir-il-baskani-mehmet-aydemir-trafik-kazasi-gecirdi","status":"publish","type":"post","link":"http:\/\/gazetevizyon.com\/?p=10368","title":{"rendered":"Ak Parti Bal\u0131kesir \u0130l Ba\u015fkan\u0131 Mehmet Aydemir Trafik Kazas\u0131 Ge\u00e7irdi"},"content":{"rendered":"<p>Bal\u0131kesir B\u00fcy\u00fck\u015fehir Belediye Ba\u015fkan\u0131 Ahmet Ak\u0131n, Ak Parti Bal\u0131kesir \u0130l Ba\u015fkan\u0131 Mehmet Aydemir&#8217;e ge\u00e7mi\u015f olsun dileklerini iletti. Aydemir, Ankara&#8217;ya d\u00f6n\u00fc\u015f yolunda meydana gelen trafik kazas\u0131nda yaraland\u0131. <\/p>\n<p>Kazan\u0131n detaylar\u0131 hakk\u0131nda hen\u00fcz resmi bir a\u00e7\u0131klama yap\u0131lmazken, Aydemir&#8217;in sa\u011fl\u0131k durumuyla ilgili bilgiler bekleniyor. Ahmet Ak\u0131n, yapt\u0131\u011f\u0131 a\u00e7\u0131klamada Aydemir&#8217;e acil \u015fifalar diledi. <\/p>\n<p>Kazan\u0131n neden ve nas\u0131l ger\u00e7ekle\u015fti\u011fi konusunda soru\u015fturma s\u00fcrd\u00fcr\u00fclmektedir. Yaral\u0131 ba\u015fkan\u0131n tedavi s\u00fcreci ve iyile\u015fme durumu hakk\u0131nda geli\u015fmeler payla\u015f\u0131ld\u0131k\u00e7a kamuoyuna bilgi verilecektir. <\/p>\n","protected":false},"excerpt":{"rendered":"<p>Bal\u0131kesir B\u00fcy\u00fck\u015fehir Belediye Ba\u015fkan\u0131 Ahmet Ak\u0131n, Ak Parti Bal\u0131kesir \u0130l Ba\u015fkan\u0131 Mehmet Aydemir&#8217;e ge\u00e7mi\u015f olsun dileklerini iletti. Aydemir, Ankara&#8217;ya d\u00f6n\u00fc\u015f yolunda meydana gelen trafik kazas\u0131nda yaraland\u0131. Kazan\u0131n detaylar\u0131 hakk\u0131nda hen\u00fcz resmi bir a\u00e7\u0131klama yap\u0131lmazken, Aydemir&#8217;in sa\u011fl\u0131k durumuyla ilgili bilgiler bekleniyor&#8230;.<\/p>\n","protected":false},"author":1,"featured_media":10369,"comment_status":"closed","ping_status":"closed","sticky":false,"template":"","format":"standard","meta":{"footnotes":""},"categories":[36],"tags":[],"class_list":["post-10368","post","type-post","status-publish","format-standard","has-post-thumbnail","hentry","category-manset"],"_links":{"self":[{"href":"http:\/\/gazetevizyon.com\/index.php?rest_route=\/wp\/v2\/posts\/10368","targetHints":{"allow":["GET"]}}],"collection":[{"href":"http:\/\/gazetevizyon.com\/index.php?rest_route=\/wp\/v2\/posts"}],"about":[{"href":"http:\/\/gazetevizyon.com\/index.php?rest_route=\/wp\/v2\/types\/post"}],"author":[{"embeddable":true,"href":"http:\/\/gazetevizyon.com\/index.php?rest_route=\/wp\/v2\/users\/1"}],"replies":[{"embeddable":true,"href":"http:\/\/gazetevizyon.com\/index.php?rest_route=%2Fwp%2Fv2%2Fcomments&post=10368"}],"version-history":[{"count":0,"href":"http:\/\/gazetevizyon.com\/index.php?rest_route=\/wp\/v2\/posts\/10368\/revisions"}],"wp:featuredmedia":[{"embeddable":true,"href":"http:\/\/gazetevizyon.com\/index.php?rest_route=\/wp\/v2\/media\/10369"}],"wp:attachment":[{"href":"http:\/\/gazetevizyon.com\/index.php?rest_route=%2Fwp%2Fv2%2Fmedia&parent=10368"}],"wp:term":[{"taxonomy":"category","embeddable":true,"href":"http:\/\/gazetevizyon.com\/index.php?rest_route=%2Fwp%2Fv2%2Fcategories&post=10368"},{"taxonomy":"post_tag","embeddable":true,"href":"http:\/\/gazetevizyon.com\/index.php?rest_route=%2Fwp%2Fv2%2Ftags&post=10368"}],"curies":[{"name":"wp","href":"https:\/\/api.w.org\/{rel}","templated":true}]}}