{"id":10897,"date":"2024-08-20T00:59:10","date_gmt":"2024-08-20T00:59:10","guid":{"rendered":"http:\/\/gazetevizyon.com\/?p=10897"},"modified":"2024-08-20T00:59:10","modified_gmt":"2024-08-20T00:59:10","slug":"balikesirde-kitap-fuari-coskusu","status":"publish","type":"post","link":"http:\/\/gazetevizyon.com\/?p=10897","title":{"rendered":"Bal\u0131kesir&#8217;de Kitap Fuar\u0131 Co\u015fkusu"},"content":{"rendered":"<p>Bal\u0131kesir&#8217;de Edremit Kitap Fuar\u0131&#8217;n\u0131n 6&#8217;nc\u0131s\u0131 heyecanla a\u00e7\u0131ld\u0131. A\u00e7\u0131l\u0131\u015fa, CHP Bal\u0131kesir Milletvekili Serkan SARI, Bal\u0131kesir B\u00fcy\u00fck\u015fehir Belediye Ba\u015fkan\u0131 Ahmet Ak\u0131n, Edremit Belediye Ba\u015fkan\u0131 Mehmet Erta\u015f ve Prof. Dr. \u0130lber Ortayl\u0131 kat\u0131ld\u0131. Kat\u0131l\u0131mc\u0131lar ve vatanda\u015flar da a\u00e7\u0131l\u0131\u015ftaki co\u015fkuyu payla\u015ft\u0131.<\/p>\n<p>Kitap fuar\u0131n\u0131n a\u00e7\u0131l\u0131\u015f\u0131nda konu\u015fan Serkan SARI, &#8220;Kitaplar, uygarl\u0131\u011fa yol g\u00f6steren \u0131\u015f\u0131klard\u0131r. Gelece\u011fimizin mimarlar\u0131na okuma al\u0131\u015fkanl\u0131\u011f\u0131 kazand\u0131rmak i\u00e7in bu t\u00fcr fuarlar \u00e7ok de\u011ferli. Kitaplarla bulu\u015fmalar\u0131n\u0131 sa\u011flamak b\u00fcy\u00fck \u00f6nem ta\u015f\u0131yor,&#8221; dedi. <\/p>\n<p>A\u00e7\u0131l\u0131\u015f\u0131n ard\u0131ndan 6&#8217;nc\u0131 Edremit Kitap Fuar\u0131, 25 A\u011fustos tarihine kadar devam edecek etkinliklerle okurlara kap\u0131lar\u0131n\u0131 a\u00e7\u0131k tutacak. SARI, fuar\u0131n ger\u00e7ekle\u015fmesinde eme\u011fi ge\u00e7en herkese te\u015fekk\u00fcr etti.<\/p>\n<p>Kaynak: Serkan SARI bas\u0131n a\u00e7\u0131klamas\u0131.<\/p>\n","protected":false},"excerpt":{"rendered":"<p>Bal\u0131kesir&#8217;de Edremit Kitap Fuar\u0131&#8217;n\u0131n 6&#8217;nc\u0131s\u0131 heyecanla a\u00e7\u0131ld\u0131. A\u00e7\u0131l\u0131\u015fa, CHP Bal\u0131kesir Milletvekili Serkan SARI, Bal\u0131kesir B\u00fcy\u00fck\u015fehir Belediye Ba\u015fkan\u0131 Ahmet Ak\u0131n, Edremit Belediye Ba\u015fkan\u0131 Mehmet Erta\u015f ve Prof. Dr. \u0130lber Ortayl\u0131 kat\u0131ld\u0131. Kat\u0131l\u0131mc\u0131lar ve vatanda\u015flar da a\u00e7\u0131l\u0131\u015ftaki co\u015fkuyu payla\u015ft\u0131. Kitap fuar\u0131n\u0131n a\u00e7\u0131l\u0131\u015f\u0131nda&#8230;<\/p>\n","protected":false},"author":1,"featured_media":10898,"comment_status":"closed","ping_status":"closed","sticky":false,"template":"","format":"standard","meta":{"footnotes":""},"categories":[23],"tags":[],"class_list":["post-10897","post","type-post","status-publish","format-standard","has-post-thumbnail","hentry","category-siyaset"],"_links":{"self":[{"href":"http:\/\/gazetevizyon.com\/index.php?rest_route=\/wp\/v2\/posts\/10897","targetHints":{"allow":["GET"]}}],"collection":[{"href":"http:\/\/gazetevizyon.com\/index.php?rest_route=\/wp\/v2\/posts"}],"about":[{"href":"http:\/\/gazetevizyon.com\/index.php?rest_route=\/wp\/v2\/types\/post"}],"author":[{"embeddable":true,"href":"http:\/\/gazetevizyon.com\/index.php?rest_route=\/wp\/v2\/users\/1"}],"replies":[{"embeddable":true,"href":"http:\/\/gazetevizyon.com\/index.php?rest_route=%2Fwp%2Fv2%2Fcomments&post=10897"}],"version-history":[{"count":0,"href":"http:\/\/gazetevizyon.com\/index.php?rest_route=\/wp\/v2\/posts\/10897\/revisions"}],"wp:featuredmedia":[{"embeddable":true,"href":"http:\/\/gazetevizyon.com\/index.php?rest_route=\/wp\/v2\/media\/10898"}],"wp:attachment":[{"href":"http:\/\/gazetevizyon.com\/index.php?rest_route=%2Fwp%2Fv2%2Fmedia&parent=10897"}],"wp:term":[{"taxonomy":"category","embeddable":true,"href":"http:\/\/gazetevizyon.com\/index.php?rest_route=%2Fwp%2Fv2%2Fcategories&post=10897"},{"taxonomy":"post_tag","embeddable":true,"href":"http:\/\/gazetevizyon.com\/index.php?rest_route=%2Fwp%2Fv2%2Ftags&post=10897"}],"curies":[{"name":"wp","href":"https:\/\/api.w.org\/{rel}","templated":true}]}}