{"id":11109,"date":"2024-08-28T19:20:33","date_gmt":"2024-08-28T19:20:33","guid":{"rendered":"http:\/\/gazetevizyon.com\/?p=11109"},"modified":"2024-08-28T19:20:33","modified_gmt":"2024-08-28T19:20:33","slug":"chpli-ensar-aytekin-ve-ozgur-ozel-ayvalikta-temaslarda-bulundu","status":"publish","type":"post","link":"http:\/\/gazetevizyon.com\/?p=11109","title":{"rendered":"CHP&#8217;li Ensar Aytekin ve \u00d6zg\u00fcr \u00d6zel Ayval\u0131k&#8217;ta Temaslarda Bulundu"},"content":{"rendered":"<p>\n    Cumhuriyet Halk Partisi (CHP) Bal\u0131kesir Milletvekili Ensar Aytekin, partisinin genel ba\u015fkan\u0131 \u00d6zg\u00fcr \u00d6zel ile birlikte Ayval\u0131k\u2019ta \u00e7e\u015fitli temaslarda bulundu. <\/p>\n<p> Ziyaret s\u0131ras\u0131nda, il\u00e7e \u00f6rg\u00fct\u00fcn\u00fc ziyaret ederek il\u00e7e ba\u015fkan\u0131 H\u00fcseyin \u015ealmanl\u0131 ve partililerle bir araya geldi. <\/p>\n<p> Ayn\u0131 zamanda Ayval\u0131k Belediyesi&#8217;nin yeni binas\u0131na da ziyarette bulunan Aytekin, Belediye Ba\u015fkan\u0131 Mesut Ergin&#8217;den belediyenin \u00e7al\u0131\u015fmalar\u0131 hakk\u0131nda bilgi ald\u0131. Bu ziyaretlerin amac\u0131, partiye olan ba\u011fl\u0131l\u0131\u011f\u0131 peki\u015ftirmek ve yerel y\u00f6netimle daha g\u00fc\u00e7l\u00fc bir ileti\u015fim kurmak olarak belirtildi. <\/p>\n<p> Kaynak: CHP Bal\u0131kesir Milletvekili Ensar Aytekin.<\/p>\n","protected":false},"excerpt":{"rendered":"<p>Cumhuriyet Halk Partisi (CHP) Bal\u0131kesir Milletvekili Ensar Aytekin, partisinin genel ba\u015fkan\u0131 \u00d6zg\u00fcr \u00d6zel ile birlikte Ayval\u0131k\u2019ta \u00e7e\u015fitli temaslarda bulundu. Ziyaret s\u0131ras\u0131nda, il\u00e7e \u00f6rg\u00fct\u00fcn\u00fc ziyaret ederek il\u00e7e ba\u015fkan\u0131 H\u00fcseyin \u015ealmanl\u0131 ve partililerle bir araya geldi. Ayn\u0131 zamanda Ayval\u0131k Belediyesi&#8217;nin yeni binas\u0131na&#8230;<\/p>\n","protected":false},"author":1,"featured_media":11110,"comment_status":"closed","ping_status":"closed","sticky":false,"template":"","format":"standard","meta":{"footnotes":""},"categories":[23],"tags":[],"class_list":["post-11109","post","type-post","status-publish","format-standard","has-post-thumbnail","hentry","category-siyaset"],"_links":{"self":[{"href":"http:\/\/gazetevizyon.com\/index.php?rest_route=\/wp\/v2\/posts\/11109","targetHints":{"allow":["GET"]}}],"collection":[{"href":"http:\/\/gazetevizyon.com\/index.php?rest_route=\/wp\/v2\/posts"}],"about":[{"href":"http:\/\/gazetevizyon.com\/index.php?rest_route=\/wp\/v2\/types\/post"}],"author":[{"embeddable":true,"href":"http:\/\/gazetevizyon.com\/index.php?rest_route=\/wp\/v2\/users\/1"}],"replies":[{"embeddable":true,"href":"http:\/\/gazetevizyon.com\/index.php?rest_route=%2Fwp%2Fv2%2Fcomments&post=11109"}],"version-history":[{"count":0,"href":"http:\/\/gazetevizyon.com\/index.php?rest_route=\/wp\/v2\/posts\/11109\/revisions"}],"wp:featuredmedia":[{"embeddable":true,"href":"http:\/\/gazetevizyon.com\/index.php?rest_route=\/wp\/v2\/media\/11110"}],"wp:attachment":[{"href":"http:\/\/gazetevizyon.com\/index.php?rest_route=%2Fwp%2Fv2%2Fmedia&parent=11109"}],"wp:term":[{"taxonomy":"category","embeddable":true,"href":"http:\/\/gazetevizyon.com\/index.php?rest_route=%2Fwp%2Fv2%2Fcategories&post=11109"},{"taxonomy":"post_tag","embeddable":true,"href":"http:\/\/gazetevizyon.com\/index.php?rest_route=%2Fwp%2Fv2%2Ftags&post=11109"}],"curies":[{"name":"wp","href":"https:\/\/api.w.org\/{rel}","templated":true}]}}