{"id":11183,"date":"2024-08-30T18:59:40","date_gmt":"2024-08-30T18:59:40","guid":{"rendered":"http:\/\/gazetevizyon.com\/?p=11183"},"modified":"2024-08-30T18:59:40","modified_gmt":"2024-08-30T18:59:40","slug":"30-agustos-zafer-bayrami-coskusu","status":"publish","type":"post","link":"http:\/\/gazetevizyon.com\/?p=11183","title":{"rendered":"30 A\u011fustos Zafer Bayram\u0131 Co\u015fkusu"},"content":{"rendered":"<p>Ba\u011f\u0131ms\u0131zl\u0131k m\u00fccadelesinin en \u00f6nemli d\u00f6n\u00fcm noktas\u0131 olan 30 A\u011fustos Zafer Bayram\u0131, bu y\u0131l 102. kez kutlan\u0131yor. Bal\u0131kesir&#8217;de ger\u00e7ekle\u015ftirilecek olan Fener Alay\u0131 Y\u00fcr\u00fcy\u00fc\u015f\u00fc, yerel halk\u0131n kat\u0131l\u0131m\u0131yla co\u015fkulu bir etkinlik olarak planlan\u0131yor. Bu anlaml\u0131 y\u00fcr\u00fcy\u00fc\u015fe t\u00fcm vatanda\u015flar\u0131n davetli oldu\u011fu belirtildi. Etkinlik, ge\u00e7mi\u015ften g\u00fcn\u00fcm\u00fcze s\u00fcregelen ba\u011f\u0131ms\u0131zl\u0131k ruhunu yeniden ya\u015fatmay\u0131 ama\u00e7l\u0131yor. Davet, yerel milletvekilleri taraf\u0131ndan yap\u0131l\u0131rken, halk\u0131n kat\u0131l\u0131m\u0131 b\u00fcy\u00fck \u00f6nem arz ediyor. Bu kutlama, ba\u011f\u0131ms\u0131zl\u0131\u011f\u0131n ve ulusal birli\u011fin simgesi olarak \u00f6ne \u00e7\u0131k\u0131yor.<\/p>\n","protected":false},"excerpt":{"rendered":"<p>Ba\u011f\u0131ms\u0131zl\u0131k m\u00fccadelesinin en \u00f6nemli d\u00f6n\u00fcm noktas\u0131 olan 30 A\u011fustos Zafer Bayram\u0131, bu y\u0131l 102. kez kutlan\u0131yor. Bal\u0131kesir&#8217;de ger\u00e7ekle\u015ftirilecek olan Fener Alay\u0131 Y\u00fcr\u00fcy\u00fc\u015f\u00fc, yerel halk\u0131n kat\u0131l\u0131m\u0131yla co\u015fkulu bir etkinlik olarak planlan\u0131yor. Bu anlaml\u0131 y\u00fcr\u00fcy\u00fc\u015fe t\u00fcm vatanda\u015flar\u0131n davetli oldu\u011fu belirtildi. Etkinlik, ge\u00e7mi\u015ften&#8230;<\/p>\n","protected":false},"author":1,"featured_media":11184,"comment_status":"closed","ping_status":"closed","sticky":false,"template":"","format":"standard","meta":{"footnotes":""},"categories":[23],"tags":[],"class_list":["post-11183","post","type-post","status-publish","format-standard","has-post-thumbnail","hentry","category-siyaset"],"_links":{"self":[{"href":"http:\/\/gazetevizyon.com\/index.php?rest_route=\/wp\/v2\/posts\/11183","targetHints":{"allow":["GET"]}}],"collection":[{"href":"http:\/\/gazetevizyon.com\/index.php?rest_route=\/wp\/v2\/posts"}],"about":[{"href":"http:\/\/gazetevizyon.com\/index.php?rest_route=\/wp\/v2\/types\/post"}],"author":[{"embeddable":true,"href":"http:\/\/gazetevizyon.com\/index.php?rest_route=\/wp\/v2\/users\/1"}],"replies":[{"embeddable":true,"href":"http:\/\/gazetevizyon.com\/index.php?rest_route=%2Fwp%2Fv2%2Fcomments&post=11183"}],"version-history":[{"count":0,"href":"http:\/\/gazetevizyon.com\/index.php?rest_route=\/wp\/v2\/posts\/11183\/revisions"}],"wp:featuredmedia":[{"embeddable":true,"href":"http:\/\/gazetevizyon.com\/index.php?rest_route=\/wp\/v2\/media\/11184"}],"wp:attachment":[{"href":"http:\/\/gazetevizyon.com\/index.php?rest_route=%2Fwp%2Fv2%2Fmedia&parent=11183"}],"wp:term":[{"taxonomy":"category","embeddable":true,"href":"http:\/\/gazetevizyon.com\/index.php?rest_route=%2Fwp%2Fv2%2Fcategories&post=11183"},{"taxonomy":"post_tag","embeddable":true,"href":"http:\/\/gazetevizyon.com\/index.php?rest_route=%2Fwp%2Fv2%2Ftags&post=11183"}],"curies":[{"name":"wp","href":"https:\/\/api.w.org\/{rel}","templated":true}]}}