{"id":11711,"date":"2024-09-12T00:00:00","date_gmt":"2024-09-12T00:00:00","guid":{"rendered":"http:\/\/gazetevizyon.com\/?p=11711"},"modified":"2024-09-12T00:00:00","modified_gmt":"2024-09-12T00:00:00","slug":"kaymakam-ilyas-memis-ilkogretim-haftasi-kutlamalarina-katildi","status":"publish","type":"post","link":"http:\/\/gazetevizyon.com\/?p=11711","title":{"rendered":"Kaymakam \u0130lyas Memi\u015f \u0130lk\u00f6\u011fretim Haftas\u0131 Kutlamalar\u0131na Kat\u0131ld\u0131"},"content":{"rendered":"<p>    Kaymakam \u0130lyas Memi\u015f, 2024-2025 E\u011fitim \u00d6\u011fretim y\u0131l\u0131 vesilesiyle \u015eehit Pilot \u00dcste\u011fmen Erdem Mut Ortaokulu&#8217;nda d\u00fczenlenen ilk\u00f6\u011fretim haftas\u0131 kutlama program\u0131na kat\u0131ld\u0131.<\/p>\n<p>    Program, sayg\u0131 duru\u015fu ve \u0130stiklal Mar\u015f\u0131&#8217;n\u0131n okunmas\u0131yla ba\u015flad\u0131. Ard\u0131ndan \u0130l\u00e7e Milli E\u011fitim M\u00fcd\u00fcr\u00fc Bora Zihni, g\u00fcn\u00fcn anlam ve \u00f6nemini belirten bir konu\u015fma yapt\u0131.<\/p>\n<p>    Kaymakam \u0130lyas Memi\u015f konu\u015fmas\u0131nda, devletin e\u011fitim konusunda her t\u00fcrl\u00fc imkan\u0131 sa\u011flad\u0131\u011f\u0131n\u0131 belirtti. Devletin sa\u011flad\u0131\u011f\u0131 bu imkanlar\u0131 en iyi \u015fekilde de\u011ferlendirerek \u00f6\u011frencilerin milli, manevi ve ahlaki de\u011ferlere sahip, vatan\u0131na ve milletine faydal\u0131 insanlar olarak yeti\u015ftirilmesi gerekti\u011fini ifade etti. Ayr\u0131ca \u00f6\u011fretmenler ve \u00f6\u011frencilerin ilk\u00f6\u011fretim haftas\u0131n\u0131 kutlayarak ba\u015far\u0131lar diledi.<\/p>\n<p>    Programda, \u00f6\u011frencilerin \u015fiirlerinin okunmas\u0131, ilkokul \u00f6\u011frencilerinin halk oyunlar\u0131 g\u00f6sterisi ve ortaokul \u00f6\u011frencilerinin m\u00fczikli dans g\u00f6sterileri yer ald\u0131. Ard\u0131ndan, il\u00e7e genelinde yap\u0131lan ilkokul ve ortaokullar aras\u0131 resim yar\u0131\u015fmas\u0131nda dereceye giren \u00f6\u011frencilere \u00f6d\u00fclleri verildi.<\/p>\n","protected":false},"excerpt":{"rendered":"<p>Kaymakam \u0130lyas Memi\u015f, 2024-2025 E\u011fitim \u00d6\u011fretim y\u0131l\u0131 vesilesiyle \u015eehit Pilot \u00dcste\u011fmen Erdem Mut Ortaokulu&#8217;nda d\u00fczenlenen ilk\u00f6\u011fretim haftas\u0131 kutlama program\u0131na kat\u0131ld\u0131. Program, sayg\u0131 duru\u015fu ve \u0130stiklal Mar\u015f\u0131&#8217;n\u0131n okunmas\u0131yla ba\u015flad\u0131. Ard\u0131ndan \u0130l\u00e7e Milli E\u011fitim M\u00fcd\u00fcr\u00fc Bora Zihni, g\u00fcn\u00fcn anlam ve \u00f6nemini belirten&#8230;<\/p>\n","protected":false},"author":1,"featured_media":11712,"comment_status":"closed","ping_status":"closed","sticky":false,"template":"","format":"standard","meta":{"footnotes":""},"categories":[1],"tags":[],"class_list":["post-11711","post","type-post","status-publish","format-standard","has-post-thumbnail","hentry","category-genel"],"_links":{"self":[{"href":"http:\/\/gazetevizyon.com\/index.php?rest_route=\/wp\/v2\/posts\/11711","targetHints":{"allow":["GET"]}}],"collection":[{"href":"http:\/\/gazetevizyon.com\/index.php?rest_route=\/wp\/v2\/posts"}],"about":[{"href":"http:\/\/gazetevizyon.com\/index.php?rest_route=\/wp\/v2\/types\/post"}],"author":[{"embeddable":true,"href":"http:\/\/gazetevizyon.com\/index.php?rest_route=\/wp\/v2\/users\/1"}],"replies":[{"embeddable":true,"href":"http:\/\/gazetevizyon.com\/index.php?rest_route=%2Fwp%2Fv2%2Fcomments&post=11711"}],"version-history":[{"count":0,"href":"http:\/\/gazetevizyon.com\/index.php?rest_route=\/wp\/v2\/posts\/11711\/revisions"}],"wp:featuredmedia":[{"embeddable":true,"href":"http:\/\/gazetevizyon.com\/index.php?rest_route=\/wp\/v2\/media\/11712"}],"wp:attachment":[{"href":"http:\/\/gazetevizyon.com\/index.php?rest_route=%2Fwp%2Fv2%2Fmedia&parent=11711"}],"wp:term":[{"taxonomy":"category","embeddable":true,"href":"http:\/\/gazetevizyon.com\/index.php?rest_route=%2Fwp%2Fv2%2Fcategories&post=11711"},{"taxonomy":"post_tag","embeddable":true,"href":"http:\/\/gazetevizyon.com\/index.php?rest_route=%2Fwp%2Fv2%2Ftags&post=11711"}],"curies":[{"name":"wp","href":"https:\/\/api.w.org\/{rel}","templated":true}]}}