{"id":11765,"date":"2024-09-13T13:31:08","date_gmt":"2024-09-13T13:31:08","guid":{"rendered":"http:\/\/gazetevizyon.com\/?p=11765"},"modified":"2024-09-13T13:31:08","modified_gmt":"2024-09-13T13:31:08","slug":"altieylul-kirsal-mahalle-muhtarlari-dernegi-acildi","status":"publish","type":"post","link":"http:\/\/gazetevizyon.com\/?p=11765","title":{"rendered":"Alt\u0131eyl\u00fcl K\u0131rsal Mahalle Muhtarlar\u0131 Derne\u011fi A\u00e7\u0131ld\u0131"},"content":{"rendered":"<p>Alt\u0131eyl\u00fcl K\u0131rsal Mahalle Muhtarlar\u0131 Derne\u011fi&#8217;nin a\u00e7\u0131l\u0131\u015f\u0131 d\u00fcn ger\u00e7ekle\u015ftirildi. A\u00e7\u0131l\u0131\u015f t\u00f6renine, b\u00f6lgedeki \u00e7e\u015fitli resmi yetkililerin yan\u0131 s\u0131ra, Alt\u0131eyl\u00fcl Kaymakam\u0131, Bal\u0131kesir B\u00fcy\u00fck\u015fehir Belediye Ba\u015fkanvekili ve Alt\u0131eyl\u00fcl Belediye Ba\u015fkan\u0131 da kat\u0131ld\u0131. Derne\u011fin kurucu muhtarlar\u0131 da t\u00f6rende yerlerini ald\u0131.<\/p>\n<p>A\u00e7\u0131l\u0131\u015fta yap\u0131lan konu\u015fmalarda, muhtarlar\u0131n mahalle hizmetindeki \u00f6nemli rollerine vurgu yap\u0131ld\u0131. Yerel y\u00f6netimlerin muhtarlarla i\u015f birli\u011fi i\u00e7inde \u00e7al\u0131\u015facaklar\u0131n\u0131n alt\u0131 \u00e7izilirken, ayn\u0131 zamanda bu t\u00fcr derneklerin mahalle halk\u0131n\u0131n ihtiya\u00e7lar\u0131na daha etkin bir \u015fekilde cevap verilmesine olanak tan\u0131yaca\u011f\u0131 belirtildi. Etkinlikte eme\u011fi ge\u00e7en herkese te\u015fekk\u00fcr edildi.<\/p>\n<p>Dernek a\u00e7\u0131l\u0131\u015f\u0131, toplumsal dayan\u0131\u015fmay\u0131 desteklemek ve muhtarlar\u0131n \u00f6nemini vurgulamak ad\u0131na at\u0131lm\u0131\u015f \u00f6nemli bir ad\u0131m olarak de\u011ferlendiriliyor. Bu t\u00fcr derneklerin, mahalle halk\u0131n\u0131n ihtiya\u00e7lar\u0131n\u0131 kar\u015f\u0131lamada etkin bir rol oynayaca\u011f\u0131na inan\u0131l\u0131yor.<\/p>\n","protected":false},"excerpt":{"rendered":"<p>Alt\u0131eyl\u00fcl K\u0131rsal Mahalle Muhtarlar\u0131 Derne\u011fi&#8217;nin a\u00e7\u0131l\u0131\u015f\u0131 d\u00fcn ger\u00e7ekle\u015ftirildi. A\u00e7\u0131l\u0131\u015f t\u00f6renine, b\u00f6lgedeki \u00e7e\u015fitli resmi yetkililerin yan\u0131 s\u0131ra, Alt\u0131eyl\u00fcl Kaymakam\u0131, Bal\u0131kesir B\u00fcy\u00fck\u015fehir Belediye Ba\u015fkanvekili ve Alt\u0131eyl\u00fcl Belediye Ba\u015fkan\u0131 da kat\u0131ld\u0131. Derne\u011fin kurucu muhtarlar\u0131 da t\u00f6rende yerlerini ald\u0131. A\u00e7\u0131l\u0131\u015fta yap\u0131lan konu\u015fmalarda, muhtarlar\u0131n mahalle&#8230;<\/p>\n","protected":false},"author":1,"featured_media":11766,"comment_status":"closed","ping_status":"closed","sticky":false,"template":"","format":"standard","meta":{"footnotes":""},"categories":[23],"tags":[],"class_list":["post-11765","post","type-post","status-publish","format-standard","has-post-thumbnail","hentry","category-siyaset"],"_links":{"self":[{"href":"http:\/\/gazetevizyon.com\/index.php?rest_route=\/wp\/v2\/posts\/11765","targetHints":{"allow":["GET"]}}],"collection":[{"href":"http:\/\/gazetevizyon.com\/index.php?rest_route=\/wp\/v2\/posts"}],"about":[{"href":"http:\/\/gazetevizyon.com\/index.php?rest_route=\/wp\/v2\/types\/post"}],"author":[{"embeddable":true,"href":"http:\/\/gazetevizyon.com\/index.php?rest_route=\/wp\/v2\/users\/1"}],"replies":[{"embeddable":true,"href":"http:\/\/gazetevizyon.com\/index.php?rest_route=%2Fwp%2Fv2%2Fcomments&post=11765"}],"version-history":[{"count":0,"href":"http:\/\/gazetevizyon.com\/index.php?rest_route=\/wp\/v2\/posts\/11765\/revisions"}],"wp:featuredmedia":[{"embeddable":true,"href":"http:\/\/gazetevizyon.com\/index.php?rest_route=\/wp\/v2\/media\/11766"}],"wp:attachment":[{"href":"http:\/\/gazetevizyon.com\/index.php?rest_route=%2Fwp%2Fv2%2Fmedia&parent=11765"}],"wp:term":[{"taxonomy":"category","embeddable":true,"href":"http:\/\/gazetevizyon.com\/index.php?rest_route=%2Fwp%2Fv2%2Fcategories&post=11765"},{"taxonomy":"post_tag","embeddable":true,"href":"http:\/\/gazetevizyon.com\/index.php?rest_route=%2Fwp%2Fv2%2Ftags&post=11765"}],"curies":[{"name":"wp","href":"https:\/\/api.w.org\/{rel}","templated":true}]}}