{"id":11926,"date":"2024-09-18T04:00:59","date_gmt":"2024-09-18T04:00:59","guid":{"rendered":"http:\/\/gazetevizyon.com\/?p=11926"},"modified":"2024-09-18T04:00:59","modified_gmt":"2024-09-18T04:00:59","slug":"iyi-parti-genel-baskani-musavat-dervisoglunun-liderliginde-olagan-il-baskanlari-toplantisi-gerceklestirdi","status":"publish","type":"post","link":"http:\/\/gazetevizyon.com\/?p=11926","title":{"rendered":"\u0130Y\u0130 Parti, Genel Ba\u015fkan\u0131 M\u00fcsavat Dervi\u015fo\u011flu\u2019nun Liderli\u011finde Ola\u011fan \u0130l Ba\u015fkanlar\u0131 Toplant\u0131s\u0131 Ger\u00e7ekle\u015ftirdi"},"content":{"rendered":"<p>\u0130Y\u0130 Parti, genel ba\u015fkanlar\u0131 M\u00fcsavat Dervi\u015fo\u011flu\u2019nun liderli\u011finde ola\u011fan il ba\u015fkanlar\u0131 toplant\u0131s\u0131n\u0131 ger\u00e7ekle\u015ftirdi. Toplant\u0131, T\u00fcrkiye genelinden kat\u0131lan il ba\u015fkanlar\u0131n\u0131n bir araya gelmesiyle ger\u00e7ekle\u015fti.<\/p>\n<p>Parti te\u015fkilatlar\u0131, T\u00fcrk milletine hak etti\u011fi gelece\u011fi sunma taahh\u00fcd\u00fcyle \u00e7al\u0131\u015fmalar\u0131na devam edeceklerini dile getirdi. Dervi\u015fo\u011flu, toplant\u0131da kat\u0131l\u0131mc\u0131lara hitaben yapt\u0131\u011f\u0131 konu\u015fmada, her bir il ba\u015fkan\u0131na te\u015fekk\u00fcr ederek, onlar\u0131n katk\u0131lar\u0131n\u0131n de\u011ferine vurgu yapt\u0131.<\/p>\n<p>\u0130Y\u0130 Parti, birlik ve beraberlik mesajlar\u0131 vererek, g\u00fc\u00e7l\u00fc bir \u015fekilde gelece\u011fe odaklanacaklar\u0131n\u0131 vurgulad\u0131. Toplant\u0131 sonunda, genel ba\u015fkana ve il ba\u015fkanlar\u0131na duyulan sayg\u0131 ve destek ifadesi olarak, kat\u0131l\u0131mc\u0131lara sa\u011fl\u0131k dilekleri iletildi.<\/p>\n","protected":false},"excerpt":{"rendered":"<p>\u0130Y\u0130 Parti, genel ba\u015fkanlar\u0131 M\u00fcsavat Dervi\u015fo\u011flu\u2019nun liderli\u011finde ola\u011fan il ba\u015fkanlar\u0131 toplant\u0131s\u0131n\u0131 ger\u00e7ekle\u015ftirdi. Toplant\u0131, T\u00fcrkiye genelinden kat\u0131lan il ba\u015fkanlar\u0131n\u0131n bir araya gelmesiyle ger\u00e7ekle\u015fti. Parti te\u015fkilatlar\u0131, T\u00fcrk milletine hak etti\u011fi gelece\u011fi sunma taahh\u00fcd\u00fcyle \u00e7al\u0131\u015fmalar\u0131na devam edeceklerini dile getirdi. Dervi\u015fo\u011flu, toplant\u0131da kat\u0131l\u0131mc\u0131lara hitaben&#8230;<\/p>\n","protected":false},"author":1,"featured_media":11927,"comment_status":"closed","ping_status":"closed","sticky":false,"template":"","format":"standard","meta":{"footnotes":""},"categories":[23],"tags":[],"class_list":["post-11926","post","type-post","status-publish","format-standard","has-post-thumbnail","hentry","category-siyaset"],"_links":{"self":[{"href":"http:\/\/gazetevizyon.com\/index.php?rest_route=\/wp\/v2\/posts\/11926","targetHints":{"allow":["GET"]}}],"collection":[{"href":"http:\/\/gazetevizyon.com\/index.php?rest_route=\/wp\/v2\/posts"}],"about":[{"href":"http:\/\/gazetevizyon.com\/index.php?rest_route=\/wp\/v2\/types\/post"}],"author":[{"embeddable":true,"href":"http:\/\/gazetevizyon.com\/index.php?rest_route=\/wp\/v2\/users\/1"}],"replies":[{"embeddable":true,"href":"http:\/\/gazetevizyon.com\/index.php?rest_route=%2Fwp%2Fv2%2Fcomments&post=11926"}],"version-history":[{"count":0,"href":"http:\/\/gazetevizyon.com\/index.php?rest_route=\/wp\/v2\/posts\/11926\/revisions"}],"wp:featuredmedia":[{"embeddable":true,"href":"http:\/\/gazetevizyon.com\/index.php?rest_route=\/wp\/v2\/media\/11927"}],"wp:attachment":[{"href":"http:\/\/gazetevizyon.com\/index.php?rest_route=%2Fwp%2Fv2%2Fmedia&parent=11926"}],"wp:term":[{"taxonomy":"category","embeddable":true,"href":"http:\/\/gazetevizyon.com\/index.php?rest_route=%2Fwp%2Fv2%2Fcategories&post=11926"},{"taxonomy":"post_tag","embeddable":true,"href":"http:\/\/gazetevizyon.com\/index.php?rest_route=%2Fwp%2Fv2%2Ftags&post=11926"}],"curies":[{"name":"wp","href":"https:\/\/api.w.org\/{rel}","templated":true}]}}