{"id":1220,"date":"2018-10-25T14:53:55","date_gmt":"2018-10-25T14:53:55","guid":{"rendered":"http:\/\/gazetevizyon.com\/?p=1220"},"modified":"2018-10-25T14:53:55","modified_gmt":"2018-10-25T14:53:55","slug":"baskan-kafaoglu-sahada","status":"publish","type":"post","link":"http:\/\/gazetevizyon.com\/?p=1220","title":{"rendered":"BA\u015eKAN KAFAO\u011eLU SAHADA"},"content":{"rendered":"<p>&nbsp;<\/p>\n<ul>\n<li><strong>BA\u015eKAN KAFAO\u011eLU SAHADA<\/strong><\/li>\n<li><strong>KAFAO\u011eLU\u2019NUN HIZINA YET\u0130\u015e\u0130LM\u0130YOR<\/strong><\/li>\n<\/ul>\n<p>Bal\u0131kesir B\u00fcy\u00fck\u015fehir Belediye Ba\u015fkan\u0131 Zekai Kafao\u011flu saha \u00e7al\u0131\u015fmalar\u0131na devam ediyor. Ba\u015fkan Kafao\u011flu ayn\u0131 g\u00fcn i\u00e7erisinde Erdek, G\u00f6me\u00e7, Edremit il\u00e7elerini ziyaret etti, G\u00fcre ve Alt\u0131noluk Mahallelerinde temaslarda bulundu.<\/p>\n<p>Ba\u015fkan Zekai Kafao\u011flu ilk olarak sabah namaz\u0131nda Erdek il\u00e7esi Piri Reis Camiinde d\u00fczenlenen sabah namaz\u0131 program\u0131na kat\u0131ld\u0131, daha sonra vatanda\u015flara \u00e7orba ikram\u0131nda bulundu. Kafao\u011flu daha sonra Erdek\u2019ten G\u00f6me\u00e7\u2019e ge\u00e7erek burada AK Parti G\u00f6me\u00e7 \u0130l\u00e7e te\u015fkilat\u0131n\u0131 ziyaret etti, ard\u0131ndan G\u00f6me\u00e7 Belediyesine ge\u00e7erek Ba\u015fkan Kaz\u0131m Arslan\u2019dan \u00e7al\u0131\u015fmalar hakk\u0131nda bilgi ald\u0131.<\/p>\n<p><strong>\u201cOTURMAYA DE\u011e\u0130L, KO\u015eMAYA GELD\u0130K\u201d<\/strong><\/p>\n<p>Ba\u015fkan Kafao\u011flu G\u00f6me\u00e7 il\u00e7esinde partililerle bulu\u015farak <strong>\u201cBal\u0131kesir co\u011frafyas\u0131 olduk\u00e7a b\u00fcy\u00fck. T\u00fcm il\u00e7eleri gezmeye, \u00e7al\u0131\u015fmalar\u0131 incelemeye ve fikir al\u0131\u015fveri\u015fi yapmaya devam ediyoruz. Yo\u011fun programlar\u0131m\u0131za devam ediyoruz. Oturmaya de\u011fil ko\u015fmaya geldik. Say\u0131n Cumhurba\u015fkan\u0131m\u0131za s\u00f6z\u00fcm\u00fcz var, kendisi bize inand\u0131, g\u00fcvendi.\u00a0 Gece g\u00fcnd\u00fcz demiyoruz ve hep sahaday\u0131z. 11 ay\u0131 doldurduk, 7 Kas\u0131m\u2019da g\u00f6reve geleli 1 y\u0131l olacak. Bize Cumhurba\u015fkan\u0131m\u0131z g\u00f6revi tebli\u011f ederken gururlanmak, kibirlenmek asla yok, tevazu ve g\u00f6n\u00fclleri fethetmeye yap\u0131lan yat\u0131r\u0131m demi\u015fti. Biz de 11 aydan bu yana bu do\u011frultuda \u00e7al\u0131\u015f\u0131yoruz. Biz de g\u00f6revimiz boyunca s\u0131k\u0131lmad\u0131k el, dokunmad\u0131k insan, ayak basmad\u0131k yer b\u0131rakm\u0131yoruz. 24 Haziran se\u00e7imlerinde Bal\u0131kesir tarih yazd\u0131, aya\u011fa kalkt\u0131. Cumhurba\u015fkan\u0131m\u0131z kad\u0131n kollar\u0131 b\u00fcy\u00fck kongresinde \u201cBal\u0131kesir ma\u015fallah, 24 Haziran se\u00e7imlerinde aya\u011fa kalkt\u0131, yerel se\u00e7imlerde daha iyi sonu\u00e7 bekliyorum\u201d demi\u015fti. En son se\u00e7imde Bal\u0131kesir milletvekili say\u0131s\u0131n\u0131 da artt\u0131rd\u0131. Birlik ve beraberlik i\u00e7erisinde \u00e7al\u0131\u015fmalar\u0131m\u0131z\u0131 s\u00fcrd\u00fcr\u00fcyoruz\u201d<\/strong> dedi.<\/p>\n<p><strong>\u201cAK PART\u0130 BELED\u0130YEC\u0130L\u0130KTE B\u0130R MARKA\u201d<\/strong><\/p>\n<p>G\u00f6me\u00e7 Belediye Ba\u015fkan\u0131 Kaz\u0131m Arslan Ba\u015fkan Zekai Kafao\u011flu\u2019na y\u00f6nelik olarak <strong>\u201cG\u00f6me\u00e7 il\u00e7emiz \u015firin ve k\u00fc\u00e7\u00fck bir yer. G\u00f6me\u00e7imiz sizi seviyor. Sizin d\u00fc\u015f\u00fcncelerinize, tecr\u00fcbelerinize g\u00fcveniyoruz. Hizmete devam\u201d <\/strong>dedi. Ba\u015fkan Zekai Kafao\u011flu da belediye ziyaretinde konu\u015farak \u015funlar\u0131 aktard\u0131: <strong>\u201cG\u00f6me\u00e7 k\u00f6rfezimizin en g\u00fczel il\u00e7esi. G\u00f6me\u00e7\u2019de AK Parti 3 d\u00f6nemden bu yana belediyeyi ald\u0131. 2004 y\u0131l\u0131nda belediyeyi kazand\u0131\u011f\u0131m\u0131zda ben il ba\u015fkan\u0131yd\u0131m ve o zamanlar il\u00e7e k\u00f6y havas\u0131ndayd\u0131, kanalizasyonu yoktu. G\u00f6me\u00e7\u2019e g\u00fczel hizmetler yap\u0131ld\u0131 ve il\u00e7e konumuna geldi, hizmetler yeterli de\u011fil tabi ki, \u00e7al\u0131\u015fmalar\u0131m\u0131za devam edece\u011fiz. G\u00f6me\u00e7 il\u00e7emizde ve k\u0131rsal mahallerimizde k\u00f6pr\u00fc, yol, kilitli parke ta\u015f\u0131, park ve bah\u00e7e d\u00fczenlemesi hizmetlerimizi s\u00fcrd\u00fcrece\u011fiz. 20 il\u00e7e, 900 mahallemiz var, 4 bir yandan \u00e7al\u0131\u015fmalar\u0131m\u0131za devam ediyoruz. Bal\u0131kesir\u2019in co\u011frafyas\u0131 b\u00fcy\u00fck, insanlara hizmet etmek boynumuzun borcu.<\/strong> <strong>Belediyecilikte ve yerel y\u00f6neticilikte AK Parti bir marka. AK Parti olarak B\u00fcy\u00fck\u015fehir ile birlikte 14 il\u00e7e belediyemiz var, hi\u00e7birinde personelin maa\u015f\u0131n\u0131n \u00f6denememesi gibi bir sorun yok ve hizmetler devam ediyor. Hedefimiz 14 il\u00e7e belediyesi say\u0131s\u0131n\u0131, 20 il\u00e7e ve b\u00fcy\u00fck\u015fehir yapmak.\u201d<\/strong><\/p>\n<p>G\u00f6me\u00e7 il\u00e7esinde Tar\u0131m Kredi Birlik Zeytin ve Zeytinya\u011f\u0131 Fabrikas\u0131\u2019nda zeytin hasad\u0131n\u0131n start\u0131n\u0131 veren Kafao\u011flu fabrikay\u0131 gezerek \u00e7al\u0131\u015fmalar hakk\u0131nda bilgi ald\u0131. Kafao\u011flu il\u00e7eye ba\u011fl\u0131 Hac\u0131h\u00fcseyinler Mahallesinde vatanda\u015flarla bulu\u015ftu, il\u00e7e esnaf\u0131n\u0131 gezerek hay\u0131rl\u0131 i\u015fler dile\u011finde bulundu. G\u00f6me\u00e7 temaslar\u0131ndan sonra Edremit il\u00e7esinde zeytin tarlas\u0131nda \u00e7al\u0131\u015fan vatanda\u015flarla birlikte zeytin toplad\u0131, kolayl\u0131klar diledi. Edremit \u0130l\u00e7e te\u015fkilat\u0131n\u0131 ziyaret eden ve yeni atanan Ba\u015fkan Hakan Duman\u2019\u0131 tebrik eden Ba\u015fkan Kafao\u011flu Pazar yerini gezdi, Edremit Ticaret Odas\u0131 ve Edremit \u0130l\u00e7e M\u00fcft\u00fcl\u00fc\u011f\u00fcne u\u011frad\u0131. Yo\u011fun program\u0131na G\u00fcre Mahallesinde bulunan Kaya K\u00f6rfez Cem Evinde alevi vatanda\u015flarla bulu\u015farak devam eden Ba\u015fkan Kafao\u011flu daha sonra Alt\u0131noluk Mahallesi\u2019nde hay\u0131rsever Fikri Dabao\u011flu\u2019yla bulu\u015ftu.<\/p>\n<p><strong>\u201cMERKEZ GAZ\u0130OSMANPA\u015eA MAHALLES\u0130NE CEMEV\u0130\u201d<\/strong><\/p>\n<p>G\u00fcre Mahallesi Kaya K\u00f6rfez Cem Evi y\u00f6netim kurulu ile bir araya gelen Ba\u015fkan Kafao\u011flu <strong>\u201cBal\u0131kesir merkez il\u00e7e Alt\u0131eyl\u00fcl Belediye Ba\u015fkan\u0131 g\u00f6revini s\u00fcrd\u00fcrd\u00fcm, daha sonra 7 Kas\u0131m 2017\u2019de Bal\u0131kesir B\u00fcy\u00fck\u015fehir Belediye Ba\u015fkan\u0131 olarak g\u00f6rev yap\u0131yorum. \u00d6nemli olan makamlarda g\u00f6k kubbede ho\u015f sedalar b\u0131rakmak. Belediyecilik halk i\u00e7in, insanlar i\u00e7in yap\u0131l\u0131r. Bir belediye ba\u015fkan\u0131 insanlar\u0131n isteklerini, taleplerini ve ihtiya\u00e7lar\u0131n\u0131 do\u011fru belirlemeli ve projelerini ona g\u00f6re belirlemeli. Biz insanlara hizmet etmek i\u00e7in var\u0131z. Eskiden belediye ba\u015fkanlar\u0131na \u201c\u015eehr\u00fcl-Emin\u201d derlerdi \u015fimdiyse milletin hizmetk\u00e2r\u0131 diyorum. 7\u2019den 70\u2019e, do\u011fumdan \u00f6l\u00fcme kadar vatanda\u015flara hizmet etmek bizim g\u00f6revimiz. Bize oy veren vermeyen herkese hizmet etmek boynumuzun borcu.<\/strong> <strong>Benim oy derdim yok, insanlara hizmet etmeyi \u00f6nemsiyorum. \u0130nsanlar\u0131n g\u00f6n\u00fcllerine talibim. Bal\u0131kesir Marmara\u2019n\u0131n parlayan y\u0131ld\u0131z\u0131, otoyollarla \u00e7ok avantajl\u0131 bir konuma geldi. \u0130stanbul-\u0130zmir otoyolu Bal\u0131kesir\u2019den ge\u00e7iyor, \u00c7anakkale\u2019ye gidecek olan yol bizim ilimizden ge\u00e7ecek, lojistik k\u00f6y\u00fcm\u00fcz var, OSB\u2019lerimiz b\u00fcy\u00fcyor, k\u00f6rfez b\u00f6lgemizde turizmle ilgili geli\u015fiyor.\u00a0 Bal\u0131kesir giderek b\u00fcy\u00fcyor ancak birlik ve beraberli\u011fimizi, sevgi ve bar\u0131\u015f dilini s\u00fcrd\u00fcrmeliyiz. Sizlerin her zaman yan\u0131n\u0131zday\u0131z. K\u0131rsal mahallelerimizde cemevleri var ancak \u015fehir merkezinde yok. Merkez Gazi Osman Pa\u015fa Mahallemizde Cemevi yap\u0131lacak, 2019 y\u0131l\u0131nda in\u015faat ba\u015flayacak.\u201d<\/strong><\/p>\n<p><strong>Sayg\u0131lar\u0131m\u0131zla<\/strong><\/p>\n","protected":false},"excerpt":{"rendered":"<p>&nbsp; BA\u015eKAN KAFAO\u011eLU SAHADA KAFAO\u011eLU\u2019NUN HIZINA YET\u0130\u015e\u0130LM\u0130YOR Bal\u0131kesir B\u00fcy\u00fck\u015fehir Belediye Ba\u015fkan\u0131 Zekai Kafao\u011flu saha \u00e7al\u0131\u015fmalar\u0131na devam ediyor. Ba\u015fkan Kafao\u011flu ayn\u0131 g\u00fcn i\u00e7erisinde Erdek, G\u00f6me\u00e7, Edremit il\u00e7elerini ziyaret etti, G\u00fcre ve Alt\u0131noluk Mahallelerinde temaslarda bulundu. Ba\u015fkan Zekai Kafao\u011flu ilk olarak sabah&#8230;<\/p>\n","protected":false},"author":3,"featured_media":1221,"comment_status":"open","ping_status":"open","sticky":false,"template":"","format":"standard","meta":{"footnotes":""},"categories":[20,36],"tags":[],"class_list":["post-1220","post","type-post","status-publish","format-standard","has-post-thumbnail","hentry","category-guncel","category-manset"],"_links":{"self":[{"href":"http:\/\/gazetevizyon.com\/index.php?rest_route=\/wp\/v2\/posts\/1220","targetHints":{"allow":["GET"]}}],"collection":[{"href":"http:\/\/gazetevizyon.com\/index.php?rest_route=\/wp\/v2\/posts"}],"about":[{"href":"http:\/\/gazetevizyon.com\/index.php?rest_route=\/wp\/v2\/types\/post"}],"author":[{"embeddable":true,"href":"http:\/\/gazetevizyon.com\/index.php?rest_route=\/wp\/v2\/users\/3"}],"replies":[{"embeddable":true,"href":"http:\/\/gazetevizyon.com\/index.php?rest_route=%2Fwp%2Fv2%2Fcomments&post=1220"}],"version-history":[{"count":1,"href":"http:\/\/gazetevizyon.com\/index.php?rest_route=\/wp\/v2\/posts\/1220\/revisions"}],"predecessor-version":[{"id":1222,"href":"http:\/\/gazetevizyon.com\/index.php?rest_route=\/wp\/v2\/posts\/1220\/revisions\/1222"}],"wp:featuredmedia":[{"embeddable":true,"href":"http:\/\/gazetevizyon.com\/index.php?rest_route=\/wp\/v2\/media\/1221"}],"wp:attachment":[{"href":"http:\/\/gazetevizyon.com\/index.php?rest_route=%2Fwp%2Fv2%2Fmedia&parent=1220"}],"wp:term":[{"taxonomy":"category","embeddable":true,"href":"http:\/\/gazetevizyon.com\/index.php?rest_route=%2Fwp%2Fv2%2Fcategories&post=1220"},{"taxonomy":"post_tag","embeddable":true,"href":"http:\/\/gazetevizyon.com\/index.php?rest_route=%2Fwp%2Fv2%2Ftags&post=1220"}],"curies":[{"name":"wp","href":"https:\/\/api.w.org\/{rel}","templated":true}]}}