{"id":12339,"date":"2024-10-01T10:51:03","date_gmt":"2024-10-01T10:51:03","guid":{"rendered":"http:\/\/gazetevizyon.com\/?p=12339"},"modified":"2024-10-01T10:51:03","modified_gmt":"2024-10-01T10:51:03","slug":"genclik-ve-spor-il-muduru-adem-ozalp-yurtlarda-ogrencilerle-bir-araya-geldi","status":"publish","type":"post","link":"http:\/\/gazetevizyon.com\/?p=12339","title":{"rendered":"Gen\u00e7lik ve Spor \u0130l M\u00fcd\u00fcr\u00fc Adem \u00d6zalp Yurtlarda \u00d6\u011frencilerle Bir Araya Geldi"},"content":{"rendered":"<p>Gen\u00e7lik ve Spor \u0130l M\u00fcd\u00fcr\u00fc Adem \u00d6zalp, yurtlarda \u00f6\u011frenciler ve personelle bir araya geldi. Bu bulu\u015fman\u0131n amac\u0131, yurtlarda kalan \u00f6\u011frencilerin sorunlar\u0131n\u0131 dinlemek ve onlarla etkile\u015fimde bulunmakt\u0131. \u00d6zalp, yurt ya\u015fam\u0131 hakk\u0131nda \u00f6\u011frencilerin g\u00f6r\u00fc\u015flerine \u00f6nem verdiklerini belirterek, daha iyi bir hizmet sunabilmek i\u00e7in bu t\u00fcr toplant\u0131lar\u0131n devam edece\u011fini ifade etti. \u00d6\u011frencilerle yap\u0131lan bu toplant\u0131lar, ayr\u0131ca yurt ortam\u0131n\u0131n g\u00fc\u00e7lendirilmesi ve sosyal ba\u011flar\u0131n art\u0131r\u0131lmas\u0131 a\u00e7\u0131s\u0131ndan \u00f6nemli bir f\u0131rsat olu\u015fturuyor. <\/p>\n<p>\u00d6zalp, toplant\u0131da \u00f6\u011frencilere \u00e7e\u015fitli destek hizmetlerinden bahsederek, sa\u011flanan imkanlar\u0131n art\u0131r\u0131lmas\u0131 noktas\u0131nda yap\u0131lacak \u00e7al\u0131\u015fmalar\u0131 da g\u00fcndeme getirdi. Bu ba\u011flamda, yurtlarda daha kaliteli bir ya\u015fam alan\u0131 olu\u015fturmak i\u00e7in yap\u0131lan yat\u0131r\u0131mlar hakk\u0131nda bilgi verdi. \u00d6\u011frencilerin ya\u015fad\u0131\u011f\u0131 deneyimleri ve taleplerini dinleyen \u00d6zalp, geri bildirimlerin kendileri i\u00e7in \u00f6nem ta\u015f\u0131d\u0131\u011f\u0131n\u0131 vurgulad\u0131. <\/p>\n","protected":false},"excerpt":{"rendered":"<p>Gen\u00e7lik ve Spor \u0130l M\u00fcd\u00fcr\u00fc Adem \u00d6zalp, yurtlarda \u00f6\u011frenciler ve personelle bir araya geldi. Bu bulu\u015fman\u0131n amac\u0131, yurtlarda kalan \u00f6\u011frencilerin sorunlar\u0131n\u0131 dinlemek ve onlarla etkile\u015fimde bulunmakt\u0131. \u00d6zalp, yurt ya\u015fam\u0131 hakk\u0131nda \u00f6\u011frencilerin g\u00f6r\u00fc\u015flerine \u00f6nem verdiklerini belirterek, daha iyi bir hizmet sunabilmek&#8230;<\/p>\n","protected":false},"author":1,"featured_media":12340,"comment_status":"closed","ping_status":"closed","sticky":false,"template":"","format":"standard","meta":{"footnotes":""},"categories":[25],"tags":[],"class_list":["post-12339","post","type-post","status-publish","format-standard","has-post-thumbnail","hentry","category-spor"],"_links":{"self":[{"href":"http:\/\/gazetevizyon.com\/index.php?rest_route=\/wp\/v2\/posts\/12339","targetHints":{"allow":["GET"]}}],"collection":[{"href":"http:\/\/gazetevizyon.com\/index.php?rest_route=\/wp\/v2\/posts"}],"about":[{"href":"http:\/\/gazetevizyon.com\/index.php?rest_route=\/wp\/v2\/types\/post"}],"author":[{"embeddable":true,"href":"http:\/\/gazetevizyon.com\/index.php?rest_route=\/wp\/v2\/users\/1"}],"replies":[{"embeddable":true,"href":"http:\/\/gazetevizyon.com\/index.php?rest_route=%2Fwp%2Fv2%2Fcomments&post=12339"}],"version-history":[{"count":0,"href":"http:\/\/gazetevizyon.com\/index.php?rest_route=\/wp\/v2\/posts\/12339\/revisions"}],"wp:featuredmedia":[{"embeddable":true,"href":"http:\/\/gazetevizyon.com\/index.php?rest_route=\/wp\/v2\/media\/12340"}],"wp:attachment":[{"href":"http:\/\/gazetevizyon.com\/index.php?rest_route=%2Fwp%2Fv2%2Fmedia&parent=12339"}],"wp:term":[{"taxonomy":"category","embeddable":true,"href":"http:\/\/gazetevizyon.com\/index.php?rest_route=%2Fwp%2Fv2%2Fcategories&post=12339"},{"taxonomy":"post_tag","embeddable":true,"href":"http:\/\/gazetevizyon.com\/index.php?rest_route=%2Fwp%2Fv2%2Ftags&post=12339"}],"curies":[{"name":"wp","href":"https:\/\/api.w.org\/{rel}","templated":true}]}}