{"id":12363,"date":"2024-10-01T18:50:56","date_gmt":"2024-10-01T18:50:56","guid":{"rendered":"http:\/\/gazetevizyon.com\/?p=12363"},"modified":"2024-10-01T18:50:56","modified_gmt":"2024-10-01T18:50:56","slug":"baski-ege-mahallesinde-su-baskinlarini-onlemek-icin-inceleme-yapti","status":"publish","type":"post","link":"http:\/\/gazetevizyon.com\/?p=12363","title":{"rendered":"BASK\u0130, Ege Mahallesi&#8217;nde Su Bask\u0131nlar\u0131n\u0131 \u00d6nlemek \u0130\u00e7in \u0130nceleme Yapt\u0131"},"content":{"rendered":"<p>Bal\u0131kesir Su ve Kanalizasyon \u0130daresi (BASK\u0130), Ege Mahallesi Demirciler Caddesi\u2019nde \u00f6nemli bir inceleme ger\u00e7ekle\u015ftirdi. Bu inceleme, su bask\u0131nlar\u0131n\u0131n \u00f6nlenmesi amac\u0131yla yap\u0131lm\u0131\u015ft\u0131.<\/p>\n<p>Ege Mahallesi&#8217;nde Eski Sorunlar Gideriliyor<\/p>\n<p>BASK\u0130 Genel M\u00fcd\u00fcr\u00fc Erdo\u011fan \u00d6zt\u00fcrk, ge\u00e7mi\u015f y\u0131llarda yap\u0131lan mazgal ve ya\u011fmursuyu hatlar\u0131n\u0131 yerinde inceledi. \u0130nceleme s\u0131ras\u0131nda, b\u00f6lgedeki ya\u011fmur suyu tahliye sistemlerinin yetersiz oldu\u011fu ve bu nedenle ya\u015fanan su bask\u0131nlar\u0131n\u0131n s\u0131k\u00e7a ya\u015fand\u0131\u011f\u0131 tespit edildi.<\/p>\n<p>S\u00fcrd\u00fcr\u00fclen \u00c7al\u0131\u015fmalar ve Gelecek Planlar\u0131<\/p>\n<p>\u00d6zt\u00fcrk, mazgal ve ya\u011fmur suyu hatlar\u0131n\u0131n uygun \u00f6l\u00e7\u00fclerde ve aral\u0131klarla yeniden d\u00fczenlenmeye ba\u015fland\u0131\u011f\u0131n\u0131 a\u00e7\u0131klad\u0131. Yap\u0131lan de\u011fi\u015fikliklerle birlikte, b\u00f6lgedeki ya\u011f\u0131\u015f d\u00f6nemlerinde su bask\u0131n\u0131 sorunlar\u0131n\u0131n ortadan kald\u0131r\u0131lmas\u0131n\u0131n hedeflendi\u011fini belirtti. &#8220;B\u00f6lgede art\u0131k ya\u011fmurla ilgili bir s\u0131k\u0131nt\u0131 ya\u015fanmayacak,&#8221; diyen \u00d6zt\u00fcrk, vatanda\u015flara daha g\u00fcvenli bir altyap\u0131 sunmay\u0131 ama\u00e7lad\u0131klar\u0131n\u0131 ifade etti.<\/p>\n","protected":false},"excerpt":{"rendered":"<p>Bal\u0131kesir Su ve Kanalizasyon \u0130daresi (BASK\u0130), Ege Mahallesi Demirciler Caddesi\u2019nde \u00f6nemli bir inceleme ger\u00e7ekle\u015ftirdi. Bu inceleme, su bask\u0131nlar\u0131n\u0131n \u00f6nlenmesi amac\u0131yla yap\u0131lm\u0131\u015ft\u0131. Ege Mahallesi&#8217;nde Eski Sorunlar Gideriliyor BASK\u0130 Genel M\u00fcd\u00fcr\u00fc Erdo\u011fan \u00d6zt\u00fcrk, ge\u00e7mi\u015f y\u0131llarda yap\u0131lan mazgal ve ya\u011fmursuyu hatlar\u0131n\u0131 yerinde inceledi&#8230;.<\/p>\n","protected":false},"author":1,"featured_media":12364,"comment_status":"closed","ping_status":"closed","sticky":false,"template":"","format":"standard","meta":{"footnotes":""},"categories":[25],"tags":[],"class_list":["post-12363","post","type-post","status-publish","format-standard","has-post-thumbnail","hentry","category-spor"],"_links":{"self":[{"href":"http:\/\/gazetevizyon.com\/index.php?rest_route=\/wp\/v2\/posts\/12363","targetHints":{"allow":["GET"]}}],"collection":[{"href":"http:\/\/gazetevizyon.com\/index.php?rest_route=\/wp\/v2\/posts"}],"about":[{"href":"http:\/\/gazetevizyon.com\/index.php?rest_route=\/wp\/v2\/types\/post"}],"author":[{"embeddable":true,"href":"http:\/\/gazetevizyon.com\/index.php?rest_route=\/wp\/v2\/users\/1"}],"replies":[{"embeddable":true,"href":"http:\/\/gazetevizyon.com\/index.php?rest_route=%2Fwp%2Fv2%2Fcomments&post=12363"}],"version-history":[{"count":0,"href":"http:\/\/gazetevizyon.com\/index.php?rest_route=\/wp\/v2\/posts\/12363\/revisions"}],"wp:featuredmedia":[{"embeddable":true,"href":"http:\/\/gazetevizyon.com\/index.php?rest_route=\/wp\/v2\/media\/12364"}],"wp:attachment":[{"href":"http:\/\/gazetevizyon.com\/index.php?rest_route=%2Fwp%2Fv2%2Fmedia&parent=12363"}],"wp:term":[{"taxonomy":"category","embeddable":true,"href":"http:\/\/gazetevizyon.com\/index.php?rest_route=%2Fwp%2Fv2%2Fcategories&post=12363"},{"taxonomy":"post_tag","embeddable":true,"href":"http:\/\/gazetevizyon.com\/index.php?rest_route=%2Fwp%2Fv2%2Ftags&post=12363"}],"curies":[{"name":"wp","href":"https:\/\/api.w.org\/{rel}","templated":true}]}}