{"id":12369,"date":"2024-10-01T22:10:26","date_gmt":"2024-10-01T22:10:26","guid":{"rendered":"http:\/\/gazetevizyon.com\/?p=12369"},"modified":"2024-10-01T22:10:26","modified_gmt":"2024-10-01T22:10:26","slug":"ozbekistanin-gulistan-devlet-universitesi-rektoru-balikesir-universitesinde","status":"publish","type":"post","link":"http:\/\/gazetevizyon.com\/?p=12369","title":{"rendered":"\u00d6zbekistan&#8217;\u0131n G\u00fclistan Devlet \u00dcniversitesi Rekt\u00f6r\u00fc, Bal\u0131kesir \u00dcniversitesinde"},"content":{"rendered":"<p>\u00d6zbekistan&#8217;\u0131n G\u00fclistan Devlet \u00dcniversitesi Rekt\u00f6r\u00fc, Prof. Dr. Muhsin Tadjievich Khodjiev, Bal\u0131kesir \u00dcniversitesini ziyaret etti. Ziyaret \u00e7er\u00e7evesinde \u00e7e\u015fitli g\u00f6r\u00fc\u015fmeler ve incelemeler ger\u00e7ekle\u015ftirildi. <\/p>\n<p>G\u00f6r\u00fc\u015fmelerde, iki kurum aras\u0131ndaki uluslararas\u0131 i\u015f birliklerinin g\u00fc\u00e7lendirilmesi hedeflendi. \u00d6zellikle akademik alanda yap\u0131lacak i\u015f birli\u011fi, \u00f6\u011frenci de\u011fi\u015fim programlar\u0131 ve ortak projelerin geli\u015ftirilmesi konular\u0131nda fikir al\u0131\u015fveri\u015finde bulunuldu. <\/p>\n<p>Bal\u0131kesir \u00dcniversitesinin sundu\u011fu imkanlar hakk\u0131nda bilgi alan Rekt\u00f6r Khodjiev, \u00fcniversitenin e\u011fitim kalitesini takdirle kar\u015f\u0131lad\u0131. \u0130ki \u00fcniversite aras\u0131ndaki ili\u015fkilerin daha da derinle\u015fmesi i\u00e7in at\u0131lacak ad\u0131mlar\u0131n alt\u0131 \u00e7izildi. <\/p>\n<p>Prof. Dr. Khodjiev\u2019in ziyareti, her iki \u00fcniversite i\u00e7in \u00f6nemli bir d\u00f6n\u00fcm noktas\u0131 olarak de\u011ferlendirilirken, uluslararas\u0131 i\u015f birliklerinin artarak devam etmesi bekleniyor.<\/p>\n","protected":false},"excerpt":{"rendered":"<p>\u00d6zbekistan&#8217;\u0131n G\u00fclistan Devlet \u00dcniversitesi Rekt\u00f6r\u00fc, Prof. Dr. Muhsin Tadjievich Khodjiev, Bal\u0131kesir \u00dcniversitesini ziyaret etti. Ziyaret \u00e7er\u00e7evesinde \u00e7e\u015fitli g\u00f6r\u00fc\u015fmeler ve incelemeler ger\u00e7ekle\u015ftirildi. G\u00f6r\u00fc\u015fmelerde, iki kurum aras\u0131ndaki uluslararas\u0131 i\u015f birliklerinin g\u00fc\u00e7lendirilmesi hedeflendi. \u00d6zellikle akademik alanda yap\u0131lacak i\u015f birli\u011fi, \u00f6\u011frenci de\u011fi\u015fim programlar\u0131 ve&#8230;<\/p>\n","protected":false},"author":1,"featured_media":12370,"comment_status":"closed","ping_status":"closed","sticky":false,"template":"","format":"standard","meta":{"footnotes":""},"categories":[27],"tags":[],"class_list":["post-12369","post","type-post","status-publish","format-standard","has-post-thumbnail","hentry","category-egitim"],"_links":{"self":[{"href":"http:\/\/gazetevizyon.com\/index.php?rest_route=\/wp\/v2\/posts\/12369","targetHints":{"allow":["GET"]}}],"collection":[{"href":"http:\/\/gazetevizyon.com\/index.php?rest_route=\/wp\/v2\/posts"}],"about":[{"href":"http:\/\/gazetevizyon.com\/index.php?rest_route=\/wp\/v2\/types\/post"}],"author":[{"embeddable":true,"href":"http:\/\/gazetevizyon.com\/index.php?rest_route=\/wp\/v2\/users\/1"}],"replies":[{"embeddable":true,"href":"http:\/\/gazetevizyon.com\/index.php?rest_route=%2Fwp%2Fv2%2Fcomments&post=12369"}],"version-history":[{"count":0,"href":"http:\/\/gazetevizyon.com\/index.php?rest_route=\/wp\/v2\/posts\/12369\/revisions"}],"wp:featuredmedia":[{"embeddable":true,"href":"http:\/\/gazetevizyon.com\/index.php?rest_route=\/wp\/v2\/media\/12370"}],"wp:attachment":[{"href":"http:\/\/gazetevizyon.com\/index.php?rest_route=%2Fwp%2Fv2%2Fmedia&parent=12369"}],"wp:term":[{"taxonomy":"category","embeddable":true,"href":"http:\/\/gazetevizyon.com\/index.php?rest_route=%2Fwp%2Fv2%2Fcategories&post=12369"},{"taxonomy":"post_tag","embeddable":true,"href":"http:\/\/gazetevizyon.com\/index.php?rest_route=%2Fwp%2Fv2%2Ftags&post=12369"}],"curies":[{"name":"wp","href":"https:\/\/api.w.org\/{rel}","templated":true}]}}