{"id":12486,"date":"2024-10-03T17:30:24","date_gmt":"2024-10-03T17:30:24","guid":{"rendered":"http:\/\/gazetevizyon.com\/?p=12486"},"modified":"2024-10-03T17:30:24","modified_gmt":"2024-10-03T17:30:24","slug":"iyi-parti-heyeti-genel-baskanini-ziyaret-etti","status":"publish","type":"post","link":"http:\/\/gazetevizyon.com\/?p=12486","title":{"rendered":"\u0130Y\u0130 Parti Heyeti Genel Ba\u015fkan\u0131n\u0131 Ziyaret Etti"},"content":{"rendered":"<p>\u0130Y\u0130 Parti Grup Ba\u015fkanvekilimiz Turhan \u00c7\u00f6mez, Bal\u0131kesir Milletvekili olarak \u0130l Ba\u015fkan\u0131m\u0131z Hasan Fehmi Y\u00f6r\u00fck, il y\u00f6netimi ve il\u00e7e ba\u015fkanlar\u0131m\u0131z ile birlikte Genel Ba\u015fkan M\u00fcsavat Dervi\u015fo\u011flu&#8217;nu ziyaret etti. <\/p>\n<p>Meclis grup toplant\u0131s\u0131na kat\u0131larak destek veren \u0130Y\u0130 Parti heyeti, partinin genel politikalar\u0131 ve gelecek hedefleri hakk\u0131nda g\u00f6r\u00fc\u015f al\u0131\u015fveri\u015finde bulundu. Ziyaretin, toplumun ihtiya\u00e7lar\u0131na yan\u0131t verme \u00e7abalar\u0131 \u00e7er\u00e7evesinde yap\u0131ld\u0131\u011f\u0131 ifade edildi. <\/p>\n<p>Bu bulu\u015fma, parti i\u00e7inde birlik ve dayan\u0131\u015fmay\u0131 peki\u015ftirmek i\u00e7in \u00f6nemli bir ad\u0131m olarak de\u011ferlendiriliyor.<\/p>\n","protected":false},"excerpt":{"rendered":"<p>\u0130Y\u0130 Parti Grup Ba\u015fkanvekilimiz Turhan \u00c7\u00f6mez, Bal\u0131kesir Milletvekili olarak \u0130l Ba\u015fkan\u0131m\u0131z Hasan Fehmi Y\u00f6r\u00fck, il y\u00f6netimi ve il\u00e7e ba\u015fkanlar\u0131m\u0131z ile birlikte Genel Ba\u015fkan M\u00fcsavat Dervi\u015fo\u011flu&#8217;nu ziyaret etti. Meclis grup toplant\u0131s\u0131na kat\u0131larak destek veren \u0130Y\u0130 Parti heyeti, partinin genel politikalar\u0131 ve&#8230;<\/p>\n","protected":false},"author":1,"featured_media":12487,"comment_status":"closed","ping_status":"closed","sticky":false,"template":"","format":"standard","meta":{"footnotes":""},"categories":[23],"tags":[],"class_list":["post-12486","post","type-post","status-publish","format-standard","has-post-thumbnail","hentry","category-siyaset"],"_links":{"self":[{"href":"http:\/\/gazetevizyon.com\/index.php?rest_route=\/wp\/v2\/posts\/12486","targetHints":{"allow":["GET"]}}],"collection":[{"href":"http:\/\/gazetevizyon.com\/index.php?rest_route=\/wp\/v2\/posts"}],"about":[{"href":"http:\/\/gazetevizyon.com\/index.php?rest_route=\/wp\/v2\/types\/post"}],"author":[{"embeddable":true,"href":"http:\/\/gazetevizyon.com\/index.php?rest_route=\/wp\/v2\/users\/1"}],"replies":[{"embeddable":true,"href":"http:\/\/gazetevizyon.com\/index.php?rest_route=%2Fwp%2Fv2%2Fcomments&post=12486"}],"version-history":[{"count":0,"href":"http:\/\/gazetevizyon.com\/index.php?rest_route=\/wp\/v2\/posts\/12486\/revisions"}],"wp:featuredmedia":[{"embeddable":true,"href":"http:\/\/gazetevizyon.com\/index.php?rest_route=\/wp\/v2\/media\/12487"}],"wp:attachment":[{"href":"http:\/\/gazetevizyon.com\/index.php?rest_route=%2Fwp%2Fv2%2Fmedia&parent=12486"}],"wp:term":[{"taxonomy":"category","embeddable":true,"href":"http:\/\/gazetevizyon.com\/index.php?rest_route=%2Fwp%2Fv2%2Fcategories&post=12486"},{"taxonomy":"post_tag","embeddable":true,"href":"http:\/\/gazetevizyon.com\/index.php?rest_route=%2Fwp%2Fv2%2Ftags&post=12486"}],"curies":[{"name":"wp","href":"https:\/\/api.w.org\/{rel}","templated":true}]}}