{"id":12755,"date":"2024-10-07T22:49:40","date_gmt":"2024-10-07T22:49:40","guid":{"rendered":"http:\/\/gazetevizyon.com\/?p=12755"},"modified":"2024-10-07T22:49:40","modified_gmt":"2024-10-07T22:49:40","slug":"odullu-kitap-okuma-yarismasi-projesi-baslatildi","status":"publish","type":"post","link":"http:\/\/gazetevizyon.com\/?p=12755","title":{"rendered":"\u00d6d\u00fcll\u00fc Kitap Okuma Yar\u0131\u015fmas\u0131 Projesi Ba\u015flat\u0131ld\u0131"},"content":{"rendered":"<p>Susurluk \u0130l\u00e7e Milli E\u011fitim M\u00fcd\u00fcrl\u00fc\u011f\u00fc, &#8220;Kitapla B\u00fcy\u00fcyen \u00c7ocuk, Yar\u0131nlar\u0131 G\u00fc\u00e7lenen Susurluk&#8221; adl\u0131 \u00f6d\u00fcll\u00fc kitap okuma yar\u0131\u015fmas\u0131n\u0131n detaylar\u0131n\u0131 belirlemek \u00fczere bir toplant\u0131 ger\u00e7ekle\u015ftirdi. \u015eube M\u00fcd\u00fcr\u00fc Mehmet Tuncay ba\u015fkanl\u0131\u011f\u0131nda d\u00fczenlenen toplant\u0131ya okul y\u00fcr\u00fct\u00fcc\u00fc \u00f6\u011fretmenleri kat\u0131ld\u0131.<\/p>\n<p>Toplant\u0131da, projenin nas\u0131l uygulanaca\u011f\u0131, ba\u015fvuru kay\u0131t s\u00fcre\u00e7leri ve s\u0131nav tarihleri hakk\u0131nda \u00f6\u011fretmenlere kapsaml\u0131 bilgiler verildi. Yar\u0131\u015fman\u0131n amac\u0131, \u00e7ocuklar\u0131n kitap okuma al\u0131\u015fkanl\u0131klar\u0131n\u0131 art\u0131rarak gelecekte daha g\u00fc\u00e7l\u00fc bireyler olmalar\u0131na katk\u0131 sa\u011flamak olarak belirlendi.<\/p>\n<p>Proje kapsam\u0131nda, \u00f6\u011frencilerin edindikleri bilgi ve becerilerin de\u011ferlendirilece\u011fi bir s\u00fcre\u00e7 olu\u015fturulaca\u011f\u0131 ifade edildi. Bu kapsamda okul y\u00f6netimlerinden ve \u00f6\u011fretmenlerden destek bekleniyor.<\/p>\n","protected":false},"excerpt":{"rendered":"<p>Susurluk \u0130l\u00e7e Milli E\u011fitim M\u00fcd\u00fcrl\u00fc\u011f\u00fc, &#8220;Kitapla B\u00fcy\u00fcyen \u00c7ocuk, Yar\u0131nlar\u0131 G\u00fc\u00e7lenen Susurluk&#8221; adl\u0131 \u00f6d\u00fcll\u00fc kitap okuma yar\u0131\u015fmas\u0131n\u0131n detaylar\u0131n\u0131 belirlemek \u00fczere bir toplant\u0131 ger\u00e7ekle\u015ftirdi. \u015eube M\u00fcd\u00fcr\u00fc Mehmet Tuncay ba\u015fkanl\u0131\u011f\u0131nda d\u00fczenlenen toplant\u0131ya okul y\u00fcr\u00fct\u00fcc\u00fc \u00f6\u011fretmenleri kat\u0131ld\u0131. Toplant\u0131da, projenin nas\u0131l uygulanaca\u011f\u0131, ba\u015fvuru kay\u0131t s\u00fcre\u00e7leri&#8230;<\/p>\n","protected":false},"author":1,"featured_media":12756,"comment_status":"closed","ping_status":"closed","sticky":false,"template":"","format":"standard","meta":{"footnotes":""},"categories":[27],"tags":[],"class_list":["post-12755","post","type-post","status-publish","format-standard","has-post-thumbnail","hentry","category-egitim"],"_links":{"self":[{"href":"http:\/\/gazetevizyon.com\/index.php?rest_route=\/wp\/v2\/posts\/12755","targetHints":{"allow":["GET"]}}],"collection":[{"href":"http:\/\/gazetevizyon.com\/index.php?rest_route=\/wp\/v2\/posts"}],"about":[{"href":"http:\/\/gazetevizyon.com\/index.php?rest_route=\/wp\/v2\/types\/post"}],"author":[{"embeddable":true,"href":"http:\/\/gazetevizyon.com\/index.php?rest_route=\/wp\/v2\/users\/1"}],"replies":[{"embeddable":true,"href":"http:\/\/gazetevizyon.com\/index.php?rest_route=%2Fwp%2Fv2%2Fcomments&post=12755"}],"version-history":[{"count":0,"href":"http:\/\/gazetevizyon.com\/index.php?rest_route=\/wp\/v2\/posts\/12755\/revisions"}],"wp:featuredmedia":[{"embeddable":true,"href":"http:\/\/gazetevizyon.com\/index.php?rest_route=\/wp\/v2\/media\/12756"}],"wp:attachment":[{"href":"http:\/\/gazetevizyon.com\/index.php?rest_route=%2Fwp%2Fv2%2Fmedia&parent=12755"}],"wp:term":[{"taxonomy":"category","embeddable":true,"href":"http:\/\/gazetevizyon.com\/index.php?rest_route=%2Fwp%2Fv2%2Fcategories&post=12755"},{"taxonomy":"post_tag","embeddable":true,"href":"http:\/\/gazetevizyon.com\/index.php?rest_route=%2Fwp%2Fv2%2Ftags&post=12755"}],"curies":[{"name":"wp","href":"https:\/\/api.w.org\/{rel}","templated":true}]}}