{"id":12904,"date":"2024-10-10T05:16:53","date_gmt":"2024-10-10T05:16:53","guid":{"rendered":"http:\/\/gazetevizyon.com\/?p=12904"},"modified":"2024-10-10T05:16:53","modified_gmt":"2024-10-10T05:16:53","slug":"erdek-kaymakamligindan-ozel-kalem-coskusu","status":"publish","type":"post","link":"http:\/\/gazetevizyon.com\/?p=12904","title":{"rendered":"Erdek Kaymakaml\u0131\u011f\u0131&#8217;ndan \u00d6zel Kalem Co\u015fkusu!"},"content":{"rendered":"<p>Erdek Kaymakaml\u0131\u011f\u0131, 20 y\u0131l boyunca \u00d6zel Kalem b\u00fcnyesinde g\u00f6rev alan G\u00fclderen Han\u0131m ve Band\u0131rma N\u00fcfus M\u00fcd\u00fcrl\u00fc\u011f\u00fc&#8217;ne tayin edilen Emine Han\u0131m i\u00e7in duygusal bir veda yeme\u011fi d\u00fczenledi. <\/br><\/br><br \/>\nVeda yeme\u011fi, Kaymakaml\u0131k \u00e7al\u0131\u015fanlar\u0131n\u0131n bir araya geldi\u011fi samimi bir ortamda ger\u00e7ekle\u015ftirildi. Kaymakam Atakan Atasoy, etkinlikte verdi\u011fi s\u00f6ylevde, uzun y\u0131llar hizmet veren G\u00fclderen Han\u0131m&#8217;a minnettarl\u0131\u011f\u0131n\u0131 ve yeni g\u00f6revine ba\u015flayan Emine Han\u0131m&#8217;a ba\u015far\u0131lar diledi\u011fini belirtti.<\/br><\/br><br \/>\nAtasoy, d\u00fczenlenen yemekle birlikte iki \u00e7al\u0131\u015fan\u0131n verdi\u011fi eme\u011fin kar\u015f\u0131l\u0131\u011f\u0131n\u0131 ald\u0131\u011f\u0131n\u0131 ve gelecekteki g\u00f6revlerinde de ba\u015far\u0131l\u0131 olacaklar\u0131na inand\u0131\u011f\u0131n\u0131 ifade etti. Veda yeme\u011fi, samimi bir atmosferde ge\u00e7ti ve kat\u0131l\u0131mc\u0131lar i\u00e7in unutulmaz bir an\u0131 oldu.<\/p>\n","protected":false},"excerpt":{"rendered":"<p>Erdek Kaymakaml\u0131\u011f\u0131, 20 y\u0131l boyunca \u00d6zel Kalem b\u00fcnyesinde g\u00f6rev alan G\u00fclderen Han\u0131m ve Band\u0131rma N\u00fcfus M\u00fcd\u00fcrl\u00fc\u011f\u00fc&#8217;ne tayin edilen Emine Han\u0131m i\u00e7in duygusal bir veda yeme\u011fi d\u00fczenledi. Veda yeme\u011fi, Kaymakaml\u0131k \u00e7al\u0131\u015fanlar\u0131n\u0131n bir araya geldi\u011fi samimi bir ortamda ger\u00e7ekle\u015ftirildi. Kaymakam Atakan Atasoy,&#8230;<\/p>\n","protected":false},"author":1,"featured_media":0,"comment_status":"closed","ping_status":"closed","sticky":false,"template":"","format":"standard","meta":{"footnotes":""},"categories":[25],"tags":[],"class_list":["post-12904","post","type-post","status-publish","format-standard","hentry","category-spor"],"_links":{"self":[{"href":"http:\/\/gazetevizyon.com\/index.php?rest_route=\/wp\/v2\/posts\/12904","targetHints":{"allow":["GET"]}}],"collection":[{"href":"http:\/\/gazetevizyon.com\/index.php?rest_route=\/wp\/v2\/posts"}],"about":[{"href":"http:\/\/gazetevizyon.com\/index.php?rest_route=\/wp\/v2\/types\/post"}],"author":[{"embeddable":true,"href":"http:\/\/gazetevizyon.com\/index.php?rest_route=\/wp\/v2\/users\/1"}],"replies":[{"embeddable":true,"href":"http:\/\/gazetevizyon.com\/index.php?rest_route=%2Fwp%2Fv2%2Fcomments&post=12904"}],"version-history":[{"count":0,"href":"http:\/\/gazetevizyon.com\/index.php?rest_route=\/wp\/v2\/posts\/12904\/revisions"}],"wp:attachment":[{"href":"http:\/\/gazetevizyon.com\/index.php?rest_route=%2Fwp%2Fv2%2Fmedia&parent=12904"}],"wp:term":[{"taxonomy":"category","embeddable":true,"href":"http:\/\/gazetevizyon.com\/index.php?rest_route=%2Fwp%2Fv2%2Fcategories&post=12904"},{"taxonomy":"post_tag","embeddable":true,"href":"http:\/\/gazetevizyon.com\/index.php?rest_route=%2Fwp%2Fv2%2Ftags&post=12904"}],"curies":[{"name":"wp","href":"https:\/\/api.w.org\/{rel}","templated":true}]}}