{"id":13030,"date":"2024-10-11T10:04:07","date_gmt":"2024-10-11T10:04:07","guid":{"rendered":"http:\/\/gazetevizyon.com\/?p=13030"},"modified":"2024-10-11T10:04:07","modified_gmt":"2024-10-11T10:04:07","slug":"balikesirde-birlik-ve-beraberlik-mesaji","status":"publish","type":"post","link":"http:\/\/gazetevizyon.com\/?p=13030","title":{"rendered":"Bal\u0131kesir&#8217;de Birlik ve Beraberlik Mesaj\u0131"},"content":{"rendered":"<p>Bal\u0131kesirli vatanda\u015flar i\u00e7in \u00f6zel bir g\u00fcn olarak kutlanan Bal\u0131kesirliler G\u00fcn\u00fc, yerel y\u00f6netim taraf\u0131ndan yap\u0131lan duyuruyla dikkat \u00e7ekti. Alt\u0131eyl\u00fcl Belediye Ba\u015fkan\u0131 Hasan Avc\u0131, etkinli\u011fe kat\u0131lan t\u00fcm sad\u0131\u00e7lar\u0131na ve hem\u015fehrilerine \u00f6zel bir mesaj g\u00f6nderdi.<\/p>\n<p>Ba\u015fkan Avc\u0131, &#8220;Bal\u0131kesirli sad\u0131\u00e7lar\u0131m\u0131n ve t\u00fcm hem\u015fehrilerimin Bal\u0131kesirliler G\u00fcn\u00fc kutlu olsun.&#8221; diyerek, bu \u00f6zel g\u00fcn\u00fcn \u00f6nemine vurgu yapt\u0131. Bal\u0131kesirliler G\u00fcn\u00fc, kentte birlik ve beraberli\u011fin peki\u015fmesi, k\u00fclt\u00fcrel de\u011ferlerin payla\u015f\u0131lmas\u0131 amac\u0131yla her y\u0131l co\u015fkuyla kutlanmaktad\u0131r.<\/p>\n<p>Bu anlaml\u0131 g\u00fcnde, Bal\u0131kesir&#8217;in sosyal ve k\u00fclt\u00fcrel zenginliklerini \u00f6n plana \u00e7\u0131karan etkinliklerin d\u00fczenlenmesi planlan\u0131yor. Ba\u015fkan Avc\u0131&#8217;n\u0131n mesaj\u0131, kent halk\u0131 aras\u0131nda bir s\u0131cakl\u0131k olu\u015ftururken, ayn\u0131 zamanda dayan\u0131\u015fma duygusunu g\u00fc\u00e7lendirmeyi ama\u00e7l\u0131yor.<\/p>\n","protected":false},"excerpt":{"rendered":"<p>Bal\u0131kesirli vatanda\u015flar i\u00e7in \u00f6zel bir g\u00fcn olarak kutlanan Bal\u0131kesirliler G\u00fcn\u00fc, yerel y\u00f6netim taraf\u0131ndan yap\u0131lan duyuruyla dikkat \u00e7ekti. Alt\u0131eyl\u00fcl Belediye Ba\u015fkan\u0131 Hasan Avc\u0131, etkinli\u011fe kat\u0131lan t\u00fcm sad\u0131\u00e7lar\u0131na ve hem\u015fehrilerine \u00f6zel bir mesaj g\u00f6nderdi. Ba\u015fkan Avc\u0131, &#8220;Bal\u0131kesirli sad\u0131\u00e7lar\u0131m\u0131n ve t\u00fcm hem\u015fehrilerimin Bal\u0131kesirliler&#8230;<\/p>\n","protected":false},"author":1,"featured_media":13031,"comment_status":"closed","ping_status":"closed","sticky":false,"template":"","format":"standard","meta":{"footnotes":""},"categories":[23],"tags":[],"class_list":["post-13030","post","type-post","status-publish","format-standard","has-post-thumbnail","hentry","category-siyaset"],"_links":{"self":[{"href":"http:\/\/gazetevizyon.com\/index.php?rest_route=\/wp\/v2\/posts\/13030","targetHints":{"allow":["GET"]}}],"collection":[{"href":"http:\/\/gazetevizyon.com\/index.php?rest_route=\/wp\/v2\/posts"}],"about":[{"href":"http:\/\/gazetevizyon.com\/index.php?rest_route=\/wp\/v2\/types\/post"}],"author":[{"embeddable":true,"href":"http:\/\/gazetevizyon.com\/index.php?rest_route=\/wp\/v2\/users\/1"}],"replies":[{"embeddable":true,"href":"http:\/\/gazetevizyon.com\/index.php?rest_route=%2Fwp%2Fv2%2Fcomments&post=13030"}],"version-history":[{"count":0,"href":"http:\/\/gazetevizyon.com\/index.php?rest_route=\/wp\/v2\/posts\/13030\/revisions"}],"wp:featuredmedia":[{"embeddable":true,"href":"http:\/\/gazetevizyon.com\/index.php?rest_route=\/wp\/v2\/media\/13031"}],"wp:attachment":[{"href":"http:\/\/gazetevizyon.com\/index.php?rest_route=%2Fwp%2Fv2%2Fmedia&parent=13030"}],"wp:term":[{"taxonomy":"category","embeddable":true,"href":"http:\/\/gazetevizyon.com\/index.php?rest_route=%2Fwp%2Fv2%2Fcategories&post=13030"},{"taxonomy":"post_tag","embeddable":true,"href":"http:\/\/gazetevizyon.com\/index.php?rest_route=%2Fwp%2Fv2%2Ftags&post=13030"}],"curies":[{"name":"wp","href":"https:\/\/api.w.org\/{rel}","templated":true}]}}