{"id":13185,"date":"2024-10-13T04:09:17","date_gmt":"2024-10-13T04:09:17","guid":{"rendered":"http:\/\/gazetevizyon.com\/?p=13185"},"modified":"2024-10-13T04:09:17","modified_gmt":"2024-10-13T04:09:17","slug":"girisimcilik-ve-futuvvet-temali-afis-yarismasi-basliyor-2","status":"publish","type":"post","link":"http:\/\/gazetevizyon.com\/?p=13185","title":{"rendered":"Giri\u015fimcilik ve F\u00fct\u00fcvvet Temal\u0131 Afi\u015f Yar\u0131\u015fmas\u0131 Ba\u015fl\u0131yor"},"content":{"rendered":"<p>Meslek\u00ee ve Teknik E\u011fitim Genel M\u00fcd\u00fcrl\u00fc\u011f\u00fc, \u201cGiri\u015fimcilik ve F\u00fct\u00fcvvet\u201d temal\u0131 bir afi\u015f yar\u0131\u015fmas\u0131 d\u00fczenliyor. Bu yar\u0131\u015fma, T\u00fcrkiye genelinde Meslek\u00ee ve Teknik E\u011fitim kurumlar\u0131nda e\u011fitim g\u00f6ren t\u00fcm \u00f6\u011frencilere a\u00e7\u0131k olacak. <\/p>\n<p>Kat\u0131l\u0131m Ko\u015fullar\u0131<br \/>\u00d6\u011frenciler, yar\u0131\u015fmaya afi\u015fleriyle kat\u0131labilecek. Yar\u0131\u015fman\u0131n detaylar\u0131, kat\u0131l\u0131m ko\u015fullar\u0131 ve son tarih hakk\u0131nda bilgi almak isteyenler &#8220;meslegimhayatim&#8221; web sitesini ziyaret edebilirler. <\/p>\n<p>Neden Bu Yar\u0131\u015fma?<br \/>Hedef, gen\u00e7lerin giri\u015fimcilik ve f\u00fct\u00fcvvet anlay\u0131\u015f\u0131n\u0131 geli\u015ftirmek ve bu konudaki fark\u0131ndal\u0131\u011f\u0131 art\u0131rmakt\u0131r. \u00d6\u011frenciler \u00fczerinden verilen bu etkinlik, yarat\u0131c\u0131l\u0131klar\u0131n\u0131 ve \u00f6zg\u00fcn d\u00fc\u015f\u00fcnme becerilerini te\u015fvik etmeyi ama\u00e7l\u0131yor. <\/p>\n<p>Yar\u0131\u015fma son ba\u015fvuru tarihleri ve di\u011fer bilgilere ula\u015fmak i\u00e7in a\u015fa\u011f\u0131daki ba\u011flant\u0131ya g\u00f6z atabilirsiniz: <br \/><a href=\"https:\/\/meslegimhayatim.meb.gov.tr\/haber\/girisimcilikvefutuvvet\"><\/a><\/p>\n","protected":false},"excerpt":{"rendered":"<p>Meslek\u00ee ve Teknik E\u011fitim Genel M\u00fcd\u00fcrl\u00fc\u011f\u00fc, \u201cGiri\u015fimcilik ve F\u00fct\u00fcvvet\u201d temal\u0131 bir afi\u015f yar\u0131\u015fmas\u0131 d\u00fczenliyor. Bu yar\u0131\u015fma, T\u00fcrkiye genelinde Meslek\u00ee ve Teknik E\u011fitim kurumlar\u0131nda e\u011fitim g\u00f6ren t\u00fcm \u00f6\u011frencilere a\u00e7\u0131k olacak. Kat\u0131l\u0131m Ko\u015fullar\u0131\u00d6\u011frenciler, yar\u0131\u015fmaya afi\u015fleriyle kat\u0131labilecek. Yar\u0131\u015fman\u0131n detaylar\u0131, kat\u0131l\u0131m ko\u015fullar\u0131 ve son&#8230;<\/p>\n","protected":false},"author":1,"featured_media":13186,"comment_status":"closed","ping_status":"closed","sticky":false,"template":"","format":"standard","meta":{"footnotes":""},"categories":[27],"tags":[],"class_list":["post-13185","post","type-post","status-publish","format-standard","has-post-thumbnail","hentry","category-egitim"],"_links":{"self":[{"href":"http:\/\/gazetevizyon.com\/index.php?rest_route=\/wp\/v2\/posts\/13185","targetHints":{"allow":["GET"]}}],"collection":[{"href":"http:\/\/gazetevizyon.com\/index.php?rest_route=\/wp\/v2\/posts"}],"about":[{"href":"http:\/\/gazetevizyon.com\/index.php?rest_route=\/wp\/v2\/types\/post"}],"author":[{"embeddable":true,"href":"http:\/\/gazetevizyon.com\/index.php?rest_route=\/wp\/v2\/users\/1"}],"replies":[{"embeddable":true,"href":"http:\/\/gazetevizyon.com\/index.php?rest_route=%2Fwp%2Fv2%2Fcomments&post=13185"}],"version-history":[{"count":0,"href":"http:\/\/gazetevizyon.com\/index.php?rest_route=\/wp\/v2\/posts\/13185\/revisions"}],"wp:featuredmedia":[{"embeddable":true,"href":"http:\/\/gazetevizyon.com\/index.php?rest_route=\/wp\/v2\/media\/13186"}],"wp:attachment":[{"href":"http:\/\/gazetevizyon.com\/index.php?rest_route=%2Fwp%2Fv2%2Fmedia&parent=13185"}],"wp:term":[{"taxonomy":"category","embeddable":true,"href":"http:\/\/gazetevizyon.com\/index.php?rest_route=%2Fwp%2Fv2%2Fcategories&post=13185"},{"taxonomy":"post_tag","embeddable":true,"href":"http:\/\/gazetevizyon.com\/index.php?rest_route=%2Fwp%2Fv2%2Ftags&post=13185"}],"curies":[{"name":"wp","href":"https:\/\/api.w.org\/{rel}","templated":true}]}}