{"id":13233,"date":"2024-10-14T08:20:31","date_gmt":"2024-10-14T08:20:31","guid":{"rendered":"http:\/\/gazetevizyon.com\/?p=13233"},"modified":"2024-10-14T08:20:31","modified_gmt":"2024-10-14T08:20:31","slug":"balikesir-il-milli-egitim-mudurlugu-kampanya-baslatti-turkcenin-dogru-kullanimi-icin-farkindalik-yaratilacak","status":"publish","type":"post","link":"http:\/\/gazetevizyon.com\/?p=13233","title":{"rendered":"Bal\u0131kesir \u0130l Milli E\u011fitim M\u00fcd\u00fcrl\u00fc\u011f\u00fc Kampanya Ba\u015flatt\u0131: T\u00fcrk\u00e7enin Do\u011fru Kullan\u0131m\u0131 \u0130\u00e7in Fark\u0131ndal\u0131k Yarat\u0131lacak"},"content":{"rendered":"<p>Bal\u0131kesir \u0130l Milli E\u011fitim M\u00fcd\u00fcrl\u00fc\u011f\u00fc, T\u00fcrk\u00e7enin do\u011fru kullan\u0131m\u0131 konusunda fark\u0131ndal\u0131k yaratmak amac\u0131yla bir kampanya ba\u015flatt\u0131. Kampanya, yaz\u0131l\u0131 ve s\u00f6zl\u00fc anlat\u0131mlarda T\u00fcrk\u00e7e dil bilgisi kurallar\u0131na dikkat edilmesi gerekti\u011fine vurgu yap\u0131yor. T\u00fcrk\u00e7enin do\u011fru kullan\u0131m\u0131, toplumda k\u00fclt\u00fcrel birikimin gelecek ku\u015faklara aktar\u0131lmas\u0131 a\u00e7\u0131s\u0131ndan b\u00fcy\u00fck \u00f6nem ta\u015f\u0131yor. Bu nedenle, \u00f6\u011frencilerin ve \u00f6\u011fretmenlerin, dilimize olan ba\u011fl\u0131l\u0131klar\u0131n\u0131 peki\u015ftirmek ve dilimizi etkin bir \u015fekilde kullanmalar\u0131n\u0131 sa\u011flamak hedefleniyor.<\/p>\n<p>Bu haftan\u0131n, dilimiz T\u00fcrk\u00e7eye \u00f6zen g\u00f6stermeye y\u00f6nelik bir ba\u015flang\u0131\u00e7 olaca\u011f\u0131 belirtiliyor. T\u00fcm bireylerin, \u00f6zellikle e\u011fitim kurumlar\u0131nda dikkatli bir dil kullan\u0131m\u0131 sergileyerek, bu \u00f6zeni hayat boyu s\u00fcrd\u00fcrmeleri te\u015fvik ediliyor. Kampanya kapsam\u0131nda yap\u0131lacak etkinlikler, \u00f6\u011fretmenler ve \u00f6\u011frenciler aras\u0131nda T\u00fcrk\u00e7e\u2019nin etkin kullan\u0131m\u0131 konusunda bir fark\u0131ndal\u0131k olu\u015fturmay\u0131 ama\u00e7l\u0131yor. Dilin, bir toplumun en \u00f6nemli de\u011ferlerinden biri oldu\u011fu ifade edilerek, T\u00fcrk\u00e7eye g\u00f6sterilecek \u00f6zenin toplumsal geli\u015fime katk\u0131 sa\u011flayaca\u011f\u0131na inan\u0131l\u0131yor.<\/p>\n","protected":false},"excerpt":{"rendered":"<p>Bal\u0131kesir \u0130l Milli E\u011fitim M\u00fcd\u00fcrl\u00fc\u011f\u00fc, T\u00fcrk\u00e7enin do\u011fru kullan\u0131m\u0131 konusunda fark\u0131ndal\u0131k yaratmak amac\u0131yla bir kampanya ba\u015flatt\u0131. Kampanya, yaz\u0131l\u0131 ve s\u00f6zl\u00fc anlat\u0131mlarda T\u00fcrk\u00e7e dil bilgisi kurallar\u0131na dikkat edilmesi gerekti\u011fine vurgu yap\u0131yor. T\u00fcrk\u00e7enin do\u011fru kullan\u0131m\u0131, toplumda k\u00fclt\u00fcrel birikimin gelecek ku\u015faklara aktar\u0131lmas\u0131 a\u00e7\u0131s\u0131ndan b\u00fcy\u00fck&#8230;<\/p>\n","protected":false},"author":1,"featured_media":13234,"comment_status":"closed","ping_status":"closed","sticky":false,"template":"","format":"standard","meta":{"footnotes":""},"categories":[27],"tags":[],"class_list":["post-13233","post","type-post","status-publish","format-standard","has-post-thumbnail","hentry","category-egitim"],"_links":{"self":[{"href":"http:\/\/gazetevizyon.com\/index.php?rest_route=\/wp\/v2\/posts\/13233","targetHints":{"allow":["GET"]}}],"collection":[{"href":"http:\/\/gazetevizyon.com\/index.php?rest_route=\/wp\/v2\/posts"}],"about":[{"href":"http:\/\/gazetevizyon.com\/index.php?rest_route=\/wp\/v2\/types\/post"}],"author":[{"embeddable":true,"href":"http:\/\/gazetevizyon.com\/index.php?rest_route=\/wp\/v2\/users\/1"}],"replies":[{"embeddable":true,"href":"http:\/\/gazetevizyon.com\/index.php?rest_route=%2Fwp%2Fv2%2Fcomments&post=13233"}],"version-history":[{"count":0,"href":"http:\/\/gazetevizyon.com\/index.php?rest_route=\/wp\/v2\/posts\/13233\/revisions"}],"wp:featuredmedia":[{"embeddable":true,"href":"http:\/\/gazetevizyon.com\/index.php?rest_route=\/wp\/v2\/media\/13234"}],"wp:attachment":[{"href":"http:\/\/gazetevizyon.com\/index.php?rest_route=%2Fwp%2Fv2%2Fmedia&parent=13233"}],"wp:term":[{"taxonomy":"category","embeddable":true,"href":"http:\/\/gazetevizyon.com\/index.php?rest_route=%2Fwp%2Fv2%2Fcategories&post=13233"},{"taxonomy":"post_tag","embeddable":true,"href":"http:\/\/gazetevizyon.com\/index.php?rest_route=%2Fwp%2Fv2%2Ftags&post=13233"}],"curies":[{"name":"wp","href":"https:\/\/api.w.org\/{rel}","templated":true}]}}