{"id":13507,"date":"2024-10-17T23:33:01","date_gmt":"2024-10-17T23:33:01","guid":{"rendered":"http:\/\/gazetevizyon.com\/?p=13507"},"modified":"2024-10-17T23:33:01","modified_gmt":"2024-10-17T23:33:01","slug":"imam-hatipler-haftasi-kutlamalari","status":"publish","type":"post","link":"http:\/\/gazetevizyon.com\/?p=13507","title":{"rendered":"\u0130mam Hatipler Haftas\u0131 Kutlamalar\u0131"},"content":{"rendered":"<p>\u0130l\u00e7e Milli E\u011fitim M\u00fcd\u00fcr\u00fc \u015einasi \u00d6zulus, \u0130mam Hatipler Haftas\u0131 kutlama program\u0131na kat\u0131ld\u0131. Programda, imam hatip liselerinin misyonu ve e\u011fitim sistemindeki \u00f6nemi \u00fczerinde duruldu. <\/p>\n<p>\u00d6\u011fretmenler ve \u00f6\u011frenciler taraf\u0131ndan haz\u0131rlanan \u00e7e\u015fitli etkinlikler, kutlamalara renk katt\u0131. \u015eiirler, konu\u015fmalar ve tiyatro g\u00f6sterileriyle imam hatip liseleri hakk\u0131nda bilgi verildi. <\/p>\n<p>\u0130mam hatip liselerinin topluma ve gen\u00e7lere sa\u011flad\u0131\u011f\u0131 katk\u0131lara vurgu yap\u0131ld\u0131. Milli E\u011fitim M\u00fcd\u00fcr\u00fc, imam hatip liselerinin \u00f6\u011frencilere dini bilginin yan\u0131 s\u0131ra ahlaki de\u011ferlerin kazand\u0131r\u0131lmas\u0131nda da \u00f6nemli bir rol oynad\u0131\u011f\u0131n\u0131 belirtti.<\/p>\n<p>Programda ayr\u0131ca, imam hatip liselerinin mezunlar\u0131n\u0131n \u00fcniversite s\u0131navlar\u0131nda ba\u015far\u0131l\u0131 oldu\u011fu ve \u00e7e\u015fitli alanlarda ba\u015far\u0131lar elde etti\u011fi vurguland\u0131. \u00d6\u011frencilere, imam hatip liselerindeki e\u011fitimin kariyerlerine olumlu katk\u0131lar sa\u011flayabilece\u011fi mesaj\u0131 verildi.<\/p>\n<p>\u0130mam Hatipler Haftas\u0131 kutlama program\u0131, \u00f6\u011fretmenler ve \u00f6\u011frenciler aras\u0131nda dayan\u0131\u015fmay\u0131 ve birlikte \u00e7al\u0131\u015fmay\u0131 te\u015fvik etti. E\u011fitim sisteminde imam hatip liselerinin \u00f6nemine dikkat \u00e7eken etkinlikler, kat\u0131l\u0131mc\u0131lar taraf\u0131ndan b\u00fcy\u00fck ilgi g\u00f6rd\u00fc.<\/p>\n","protected":false},"excerpt":{"rendered":"<p>\u0130l\u00e7e Milli E\u011fitim M\u00fcd\u00fcr\u00fc \u015einasi \u00d6zulus, \u0130mam Hatipler Haftas\u0131 kutlama program\u0131na kat\u0131ld\u0131. Programda, imam hatip liselerinin misyonu ve e\u011fitim sistemindeki \u00f6nemi \u00fczerinde duruldu. \u00d6\u011fretmenler ve \u00f6\u011frenciler taraf\u0131ndan haz\u0131rlanan \u00e7e\u015fitli etkinlikler, kutlamalara renk katt\u0131. \u015eiirler, konu\u015fmalar ve tiyatro g\u00f6sterileriyle imam hatip&#8230;<\/p>\n","protected":false},"author":1,"featured_media":13508,"comment_status":"closed","ping_status":"closed","sticky":false,"template":"","format":"standard","meta":{"footnotes":""},"categories":[27],"tags":[],"class_list":["post-13507","post","type-post","status-publish","format-standard","has-post-thumbnail","hentry","category-egitim"],"_links":{"self":[{"href":"http:\/\/gazetevizyon.com\/index.php?rest_route=\/wp\/v2\/posts\/13507","targetHints":{"allow":["GET"]}}],"collection":[{"href":"http:\/\/gazetevizyon.com\/index.php?rest_route=\/wp\/v2\/posts"}],"about":[{"href":"http:\/\/gazetevizyon.com\/index.php?rest_route=\/wp\/v2\/types\/post"}],"author":[{"embeddable":true,"href":"http:\/\/gazetevizyon.com\/index.php?rest_route=\/wp\/v2\/users\/1"}],"replies":[{"embeddable":true,"href":"http:\/\/gazetevizyon.com\/index.php?rest_route=%2Fwp%2Fv2%2Fcomments&post=13507"}],"version-history":[{"count":0,"href":"http:\/\/gazetevizyon.com\/index.php?rest_route=\/wp\/v2\/posts\/13507\/revisions"}],"wp:featuredmedia":[{"embeddable":true,"href":"http:\/\/gazetevizyon.com\/index.php?rest_route=\/wp\/v2\/media\/13508"}],"wp:attachment":[{"href":"http:\/\/gazetevizyon.com\/index.php?rest_route=%2Fwp%2Fv2%2Fmedia&parent=13507"}],"wp:term":[{"taxonomy":"category","embeddable":true,"href":"http:\/\/gazetevizyon.com\/index.php?rest_route=%2Fwp%2Fv2%2Fcategories&post=13507"},{"taxonomy":"post_tag","embeddable":true,"href":"http:\/\/gazetevizyon.com\/index.php?rest_route=%2Fwp%2Fv2%2Ftags&post=13507"}],"curies":[{"name":"wp","href":"https:\/\/api.w.org\/{rel}","templated":true}]}}