{"id":13525,"date":"2024-10-18T01:11:57","date_gmt":"2024-10-18T01:11:57","guid":{"rendered":"http:\/\/gazetevizyon.com\/?p=13525"},"modified":"2024-10-18T01:11:57","modified_gmt":"2024-10-18T01:11:57","slug":"2024-2025-egitim-ogretim-yili-denetimleri-basladi","status":"publish","type":"post","link":"http:\/\/gazetevizyon.com\/?p=13525","title":{"rendered":"2024-2025 E\u011fitim-\u00d6\u011fretim Y\u0131l\u0131 Denetimleri Ba\u015flad\u0131"},"content":{"rendered":"<p>Yeni e\u011fitim \u00f6\u011fretim y\u0131l\u0131yla birlikte Burhaniye il\u00e7esindeki ilkokul, ortaokul ve liselerde yer alan kantinlerde g\u0131da hijyeni denetimleri ba\u015flad\u0131. <\/br><\/br>Denetimleri ger\u00e7ekle\u015ftirmek amac\u0131yla olu\u015fturulan ekip, \u0130\u015f G\u00fcvenli\u011fi Uzman\u0131 \u015eeyma Nur Karademir, \u0130l\u00e7e Sa\u011fl\u0131k M\u00fcd\u00fcrl\u00fc\u011f\u00fc \u00c7evre Sa\u011fl\u0131\u011f\u0131 Teknisyeni Y\u0131lmaz \u00d6ks\u00fcz ve \u0130l\u00e7e Tar\u0131m ve Orman M\u00fcd\u00fcrl\u00fc\u011f\u00fc G\u0131da M\u00fchendisi Fatih Bozkurt\u2019tan olu\u015fmaktad\u0131r. <\/br><\/br>Denetimlerin amac\u0131, okul kantinlerinde g\u0131da sat\u0131\u015flar\u0131n\u0131n hijyen standartlar\u0131na uygun olup olmad\u0131\u011f\u0131n\u0131 kontrol ederek, \u00f6\u011frencilere sa\u011fl\u0131kl\u0131 ve g\u00fcvenli g\u0131da sunumunu sa\u011flamakt\u0131r. <\/br><\/br>Bu denetimler, \u00f6\u011frenci sa\u011fl\u0131\u011f\u0131n\u0131n korunmas\u0131 ve sa\u011fl\u0131kl\u0131 beslenme al\u0131\u015fkanl\u0131klar\u0131n\u0131n kazand\u0131r\u0131lmas\u0131 a\u00e7\u0131s\u0131ndan b\u00fcy\u00fck \u00f6nem ta\u015f\u0131maktad\u0131r. Denetim s\u00fcreci, e\u011fitim kurumlar\u0131ndaki g\u0131da g\u00fcvenli\u011finin art\u0131r\u0131lmas\u0131na katk\u0131 sa\u011flayacakt\u0131r.<\/p>\n","protected":false},"excerpt":{"rendered":"<p>Yeni e\u011fitim \u00f6\u011fretim y\u0131l\u0131yla birlikte Burhaniye il\u00e7esindeki ilkokul, ortaokul ve liselerde yer alan kantinlerde g\u0131da hijyeni denetimleri ba\u015flad\u0131. Denetimleri ger\u00e7ekle\u015ftirmek amac\u0131yla olu\u015fturulan ekip, \u0130\u015f G\u00fcvenli\u011fi Uzman\u0131 \u015eeyma Nur Karademir, \u0130l\u00e7e Sa\u011fl\u0131k M\u00fcd\u00fcrl\u00fc\u011f\u00fc \u00c7evre Sa\u011fl\u0131\u011f\u0131 Teknisyeni Y\u0131lmaz \u00d6ks\u00fcz ve \u0130l\u00e7e Tar\u0131m&#8230;<\/p>\n","protected":false},"author":1,"featured_media":13526,"comment_status":"closed","ping_status":"closed","sticky":false,"template":"","format":"standard","meta":{"footnotes":""},"categories":[27],"tags":[],"class_list":["post-13525","post","type-post","status-publish","format-standard","has-post-thumbnail","hentry","category-egitim"],"_links":{"self":[{"href":"http:\/\/gazetevizyon.com\/index.php?rest_route=\/wp\/v2\/posts\/13525","targetHints":{"allow":["GET"]}}],"collection":[{"href":"http:\/\/gazetevizyon.com\/index.php?rest_route=\/wp\/v2\/posts"}],"about":[{"href":"http:\/\/gazetevizyon.com\/index.php?rest_route=\/wp\/v2\/types\/post"}],"author":[{"embeddable":true,"href":"http:\/\/gazetevizyon.com\/index.php?rest_route=\/wp\/v2\/users\/1"}],"replies":[{"embeddable":true,"href":"http:\/\/gazetevizyon.com\/index.php?rest_route=%2Fwp%2Fv2%2Fcomments&post=13525"}],"version-history":[{"count":0,"href":"http:\/\/gazetevizyon.com\/index.php?rest_route=\/wp\/v2\/posts\/13525\/revisions"}],"wp:featuredmedia":[{"embeddable":true,"href":"http:\/\/gazetevizyon.com\/index.php?rest_route=\/wp\/v2\/media\/13526"}],"wp:attachment":[{"href":"http:\/\/gazetevizyon.com\/index.php?rest_route=%2Fwp%2Fv2%2Fmedia&parent=13525"}],"wp:term":[{"taxonomy":"category","embeddable":true,"href":"http:\/\/gazetevizyon.com\/index.php?rest_route=%2Fwp%2Fv2%2Fcategories&post=13525"},{"taxonomy":"post_tag","embeddable":true,"href":"http:\/\/gazetevizyon.com\/index.php?rest_route=%2Fwp%2Fv2%2Ftags&post=13525"}],"curies":[{"name":"wp","href":"https:\/\/api.w.org\/{rel}","templated":true}]}}