{"id":13701,"date":"2024-10-21T09:34:22","date_gmt":"2024-10-21T09:34:22","guid":{"rendered":"http:\/\/gazetevizyon.com\/?p=13701"},"modified":"2024-10-21T09:34:22","modified_gmt":"2024-10-21T09:34:22","slug":"balikesir-il-milli-egitim-muduru-murat-demir-memur-sen-balikesir-il-baskani-ercan-kurteri-ziyaret-etti","status":"publish","type":"post","link":"http:\/\/gazetevizyon.com\/?p=13701","title":{"rendered":"Bal\u0131kesir \u0130l Milli E\u011fitim M\u00fcd\u00fcr\u00fc Murat Demir, Memur-Sen Bal\u0131kesir \u0130l Ba\u015fkan\u0131 Ercan Kurter&#8217;i Ziyaret Etti"},"content":{"rendered":"<p>Bal\u0131kesir \u0130l Milli E\u011fitim M\u00fcd\u00fcr\u00fc Murat Demir, Memur-Sen Bal\u0131kesir \u0130l Ba\u015fkan\u0131 Ercan Kurter\u2019e iade-i ziyarette bulundu. G\u00f6r\u00fc\u015fme, e\u011fitim camias\u0131 aras\u0131ndaki i\u015f birli\u011fini g\u00fc\u00e7lendirmek amac\u0131yla ger\u00e7ekle\u015ftirildi. Ziyarette, e\u011fitim alan\u0131nda kar\u015f\u0131l\u0131kl\u0131 destek ve dayan\u0131\u015fman\u0131n art\u0131r\u0131lmas\u0131 \u00fczerine sohbetler yap\u0131ld\u0131. \u0130l Milli E\u011fitim M\u00fcd\u00fcr\u00fc Demir, e\u011fitimin kalitesini y\u00fckseltme \u00e7abalar\u0131nda sivil toplum kurulu\u015flar\u0131 ile i\u015f birli\u011fi yapman\u0131n \u00f6nemine de\u011findi. Ercan Kurter ise, Milli E\u011fitim M\u00fcd\u00fcrl\u00fc\u011f\u00fc ile birlikte y\u00fcr\u00fct\u00fclecek projeler konusunda fikir al\u0131\u015fveri\u015finde bulunarak, desteklerinin s\u00fcrece\u011fini vurgulad\u0131. Her iki taraf da, e\u011fitimdeki geli\u015fmelerin ve yeniliklerin takip edilmesinin \u00f6nemini ifade etti.<\/p>\n","protected":false},"excerpt":{"rendered":"<p>Bal\u0131kesir \u0130l Milli E\u011fitim M\u00fcd\u00fcr\u00fc Murat Demir, Memur-Sen Bal\u0131kesir \u0130l Ba\u015fkan\u0131 Ercan Kurter\u2019e iade-i ziyarette bulundu. G\u00f6r\u00fc\u015fme, e\u011fitim camias\u0131 aras\u0131ndaki i\u015f birli\u011fini g\u00fc\u00e7lendirmek amac\u0131yla ger\u00e7ekle\u015ftirildi. Ziyarette, e\u011fitim alan\u0131nda kar\u015f\u0131l\u0131kl\u0131 destek ve dayan\u0131\u015fman\u0131n art\u0131r\u0131lmas\u0131 \u00fczerine sohbetler yap\u0131ld\u0131. \u0130l Milli E\u011fitim M\u00fcd\u00fcr\u00fc&#8230;<\/p>\n","protected":false},"author":1,"featured_media":13702,"comment_status":"closed","ping_status":"closed","sticky":false,"template":"","format":"standard","meta":{"footnotes":""},"categories":[27],"tags":[],"class_list":["post-13701","post","type-post","status-publish","format-standard","has-post-thumbnail","hentry","category-egitim"],"_links":{"self":[{"href":"http:\/\/gazetevizyon.com\/index.php?rest_route=\/wp\/v2\/posts\/13701","targetHints":{"allow":["GET"]}}],"collection":[{"href":"http:\/\/gazetevizyon.com\/index.php?rest_route=\/wp\/v2\/posts"}],"about":[{"href":"http:\/\/gazetevizyon.com\/index.php?rest_route=\/wp\/v2\/types\/post"}],"author":[{"embeddable":true,"href":"http:\/\/gazetevizyon.com\/index.php?rest_route=\/wp\/v2\/users\/1"}],"replies":[{"embeddable":true,"href":"http:\/\/gazetevizyon.com\/index.php?rest_route=%2Fwp%2Fv2%2Fcomments&post=13701"}],"version-history":[{"count":0,"href":"http:\/\/gazetevizyon.com\/index.php?rest_route=\/wp\/v2\/posts\/13701\/revisions"}],"wp:featuredmedia":[{"embeddable":true,"href":"http:\/\/gazetevizyon.com\/index.php?rest_route=\/wp\/v2\/media\/13702"}],"wp:attachment":[{"href":"http:\/\/gazetevizyon.com\/index.php?rest_route=%2Fwp%2Fv2%2Fmedia&parent=13701"}],"wp:term":[{"taxonomy":"category","embeddable":true,"href":"http:\/\/gazetevizyon.com\/index.php?rest_route=%2Fwp%2Fv2%2Fcategories&post=13701"},{"taxonomy":"post_tag","embeddable":true,"href":"http:\/\/gazetevizyon.com\/index.php?rest_route=%2Fwp%2Fv2%2Ftags&post=13701"}],"curies":[{"name":"wp","href":"https:\/\/api.w.org\/{rel}","templated":true}]}}