{"id":13781,"date":"2024-10-21T20:37:55","date_gmt":"2024-10-21T20:37:55","guid":{"rendered":"http:\/\/gazetevizyon.com\/?p=13781"},"modified":"2024-10-21T20:37:55","modified_gmt":"2024-10-21T20:37:55","slug":"muhtarlar-gunu-toreni-gonende-gerceklestirildi","status":"publish","type":"post","link":"http:\/\/gazetevizyon.com\/?p=13781","title":{"rendered":"Muhtarlar G\u00fcn\u00fc T\u00f6reni G\u00f6nen&#8217;de Ger\u00e7ekle\u015ftirildi"},"content":{"rendered":"<p>G\u00f6nen il\u00e7esinde, Muhtarlar G\u00fcn\u00fc 19 Ekim tarihinde \u00f6zel bir t\u00f6renle kutland\u0131. T\u00f6rene, G\u00f6nen Kaymakam\u0131 Ahmet Alt\u0131nta\u015f, G\u00f6nen Belediye Ba\u015fkan\u0131 \u0130brahim Palaz, Muhtarlar Dernek Ba\u015fkan\u0131 Taner I\u015f\u0131k, kurum amirleri ve muhtarlar kat\u0131ld\u0131. <\/p>\n<p>T\u00f6renin ba\u015flang\u0131c\u0131, Atat\u00fcrk An\u0131t\u0131&#8217;na \u00e7elenk sunma i\u015flemi ile yap\u0131ld\u0131. An\u0131t \u00f6n\u00fcnde ger\u00e7ekle\u015ftirilen bu anlaml\u0131 etkinlik, muhtarlar\u0131n toplumdaki yerini ve \u00f6nemini vurgulad\u0131. <\/p>\n<p>\u00c7elenk sunma t\u00f6reninin ard\u0131ndan, t\u00fcm muhtarlara y\u00f6nelik bir \u00f6\u011fle yeme\u011fi ikram edildi. Yemek, G\u00f6nen Tokyay Bah\u00e7e&#8217;de d\u00fczenlendi. Bu etkinlik, muhtarlarla bir araya gelme ve birlikte olman\u0131n anlam\u0131na dikkat \u00e7ekti. <\/p>\n<p>Muhtarlar G\u00fcn\u00fc, yerel y\u00f6neticilerin toplumsal ba\u011flar\u0131n\u0131n g\u00fc\u00e7lenmesine olanak sa\u011flarken, ayn\u0131 zamanda kamu hizmetindeki rolleri a\u00e7\u0131s\u0131ndan da bir kutlama f\u0131rsat\u0131 sundu. <\/p>\n","protected":false},"excerpt":{"rendered":"<p>G\u00f6nen il\u00e7esinde, Muhtarlar G\u00fcn\u00fc 19 Ekim tarihinde \u00f6zel bir t\u00f6renle kutland\u0131. T\u00f6rene, G\u00f6nen Kaymakam\u0131 Ahmet Alt\u0131nta\u015f, G\u00f6nen Belediye Ba\u015fkan\u0131 \u0130brahim Palaz, Muhtarlar Dernek Ba\u015fkan\u0131 Taner I\u015f\u0131k, kurum amirleri ve muhtarlar kat\u0131ld\u0131. T\u00f6renin ba\u015flang\u0131c\u0131, Atat\u00fcrk An\u0131t\u0131&#8217;na \u00e7elenk sunma i\u015flemi ile yap\u0131ld\u0131&#8230;.<\/p>\n","protected":false},"author":1,"featured_media":13782,"comment_status":"closed","ping_status":"closed","sticky":false,"template":"","format":"standard","meta":{"footnotes":""},"categories":[27],"tags":[],"class_list":["post-13781","post","type-post","status-publish","format-standard","has-post-thumbnail","hentry","category-egitim"],"_links":{"self":[{"href":"http:\/\/gazetevizyon.com\/index.php?rest_route=\/wp\/v2\/posts\/13781","targetHints":{"allow":["GET"]}}],"collection":[{"href":"http:\/\/gazetevizyon.com\/index.php?rest_route=\/wp\/v2\/posts"}],"about":[{"href":"http:\/\/gazetevizyon.com\/index.php?rest_route=\/wp\/v2\/types\/post"}],"author":[{"embeddable":true,"href":"http:\/\/gazetevizyon.com\/index.php?rest_route=\/wp\/v2\/users\/1"}],"replies":[{"embeddable":true,"href":"http:\/\/gazetevizyon.com\/index.php?rest_route=%2Fwp%2Fv2%2Fcomments&post=13781"}],"version-history":[{"count":0,"href":"http:\/\/gazetevizyon.com\/index.php?rest_route=\/wp\/v2\/posts\/13781\/revisions"}],"wp:featuredmedia":[{"embeddable":true,"href":"http:\/\/gazetevizyon.com\/index.php?rest_route=\/wp\/v2\/media\/13782"}],"wp:attachment":[{"href":"http:\/\/gazetevizyon.com\/index.php?rest_route=%2Fwp%2Fv2%2Fmedia&parent=13781"}],"wp:term":[{"taxonomy":"category","embeddable":true,"href":"http:\/\/gazetevizyon.com\/index.php?rest_route=%2Fwp%2Fv2%2Fcategories&post=13781"},{"taxonomy":"post_tag","embeddable":true,"href":"http:\/\/gazetevizyon.com\/index.php?rest_route=%2Fwp%2Fv2%2Ftags&post=13781"}],"curies":[{"name":"wp","href":"https:\/\/api.w.org\/{rel}","templated":true}]}}