{"id":14219,"date":"2024-10-31T06:35:08","date_gmt":"2024-10-31T06:35:08","guid":{"rendered":"http:\/\/gazetevizyon.com\/?p=14219"},"modified":"2024-10-31T06:35:08","modified_gmt":"2024-10-31T06:35:08","slug":"balikesir-universitesi-cumhuriyetin-101-yilinda-onemli-bir-panel-ev-sahipligi-yapti","status":"publish","type":"post","link":"http:\/\/gazetevizyon.com\/?p=14219","title":{"rendered":"Bal\u0131kesir \u00dcniversitesi, Cumhuriyetin 101. Y\u0131l\u0131nda \u00d6nemli Bir Panel Ev Sahipli\u011fi Yapt\u0131"},"content":{"rendered":"<p>        Bal\u0131kesir \u00dcniversitesi, Cumhuriyetin 101. y\u0131l\u0131 etkinlikleri \u00e7er\u00e7evesinde \u00f6nemli bir panele ev sahipli\u011fi yapt\u0131. T\u00fcrk Yurdu Toplulu\u011fu taraf\u0131ndan d\u00fczenlenen &#8220;Cumhuriyet ve Bal\u0131kesir&#8221; konulu panel, \u00fcniversitenin kamp\u00fcs\u00fcnde ger\u00e7ekle\u015ftirildi. Panel, Cumhuriyetin getirdi\u011fi kazan\u0131mlar\u0131n ve Bal\u0131kesir\u2019in Cumhuriyet d\u00f6nemindeki yeri hakk\u0131nda i\u00e7g\u00f6r\u00fc sunmay\u0131 ama\u00e7lad\u0131. Yerel tarih ve k\u00fclt\u00fcrel de\u011ferlerin \u00f6n plana \u00e7\u0131kt\u0131\u011f\u0131 etkinlikte, akademisyenler ve \u00f6\u011frenciler bir araya geldi.<\/p>\n<p>        Etkinli\u011fin a\u00e7\u0131l\u0131\u015f\u0131nda, Cumhuriyetin \u00f6nemi ve Bal\u0131kesir\u2019deki tar\u0131msal, sosyal ve ekonomik geli\u015fmelere etkisi \u00fczerinde duruldu. Panelde, kat\u0131l\u0131mc\u0131lar tarihsel perspektiften Cumhuriyetin yerel yans\u0131malar\u0131n\u0131 de\u011ferlendirdiler.<\/p>\n<p>        &#8220;Cumhuriyet ve Bal\u0131kesir&#8221; paneli, \u00fcniversite toplulu\u011funun Cumhuriyet de\u011ferlerine sahip \u00e7\u0131kma ve bu de\u011ferleri gelecek nesillere aktarma hedefi do\u011frultusunda ger\u00e7ekle\u015ftirildi.<\/p>\n","protected":false},"excerpt":{"rendered":"<p>Bal\u0131kesir \u00dcniversitesi, Cumhuriyetin 101. y\u0131l\u0131 etkinlikleri \u00e7er\u00e7evesinde \u00f6nemli bir panele ev sahipli\u011fi yapt\u0131. T\u00fcrk Yurdu Toplulu\u011fu taraf\u0131ndan d\u00fczenlenen &#8220;Cumhuriyet ve Bal\u0131kesir&#8221; konulu panel, \u00fcniversitenin kamp\u00fcs\u00fcnde ger\u00e7ekle\u015ftirildi. Panel, Cumhuriyetin getirdi\u011fi kazan\u0131mlar\u0131n ve Bal\u0131kesir\u2019in Cumhuriyet d\u00f6nemindeki yeri hakk\u0131nda i\u00e7g\u00f6r\u00fc sunmay\u0131 ama\u00e7lad\u0131. Yerel&#8230;<\/p>\n","protected":false},"author":1,"featured_media":14220,"comment_status":"closed","ping_status":"closed","sticky":false,"template":"","format":"standard","meta":{"footnotes":""},"categories":[27],"tags":[],"class_list":["post-14219","post","type-post","status-publish","format-standard","has-post-thumbnail","hentry","category-egitim"],"_links":{"self":[{"href":"http:\/\/gazetevizyon.com\/index.php?rest_route=\/wp\/v2\/posts\/14219","targetHints":{"allow":["GET"]}}],"collection":[{"href":"http:\/\/gazetevizyon.com\/index.php?rest_route=\/wp\/v2\/posts"}],"about":[{"href":"http:\/\/gazetevizyon.com\/index.php?rest_route=\/wp\/v2\/types\/post"}],"author":[{"embeddable":true,"href":"http:\/\/gazetevizyon.com\/index.php?rest_route=\/wp\/v2\/users\/1"}],"replies":[{"embeddable":true,"href":"http:\/\/gazetevizyon.com\/index.php?rest_route=%2Fwp%2Fv2%2Fcomments&post=14219"}],"version-history":[{"count":0,"href":"http:\/\/gazetevizyon.com\/index.php?rest_route=\/wp\/v2\/posts\/14219\/revisions"}],"wp:featuredmedia":[{"embeddable":true,"href":"http:\/\/gazetevizyon.com\/index.php?rest_route=\/wp\/v2\/media\/14220"}],"wp:attachment":[{"href":"http:\/\/gazetevizyon.com\/index.php?rest_route=%2Fwp%2Fv2%2Fmedia&parent=14219"}],"wp:term":[{"taxonomy":"category","embeddable":true,"href":"http:\/\/gazetevizyon.com\/index.php?rest_route=%2Fwp%2Fv2%2Fcategories&post=14219"},{"taxonomy":"post_tag","embeddable":true,"href":"http:\/\/gazetevizyon.com\/index.php?rest_route=%2Fwp%2Fv2%2Ftags&post=14219"}],"curies":[{"name":"wp","href":"https:\/\/api.w.org\/{rel}","templated":true}]}}