{"id":14629,"date":"2024-11-11T00:24:21","date_gmt":"2024-11-11T00:24:21","guid":{"rendered":"http:\/\/gazetevizyon.com\/?p=14629"},"modified":"2024-11-11T00:24:21","modified_gmt":"2024-11-11T00:24:21","slug":"gazi-mustafa-kemal-ataturkun-olum-yil-donumu-aniliyor","status":"publish","type":"post","link":"http:\/\/gazetevizyon.com\/?p=14629","title":{"rendered":"Gazi Mustafa Kemal Atat\u00fcrk&#8217;\u00fcn \u00d6l\u00fcm Y\u0131l D\u00f6n\u00fcm\u00fc An\u0131l\u0131yor"},"content":{"rendered":"<p>T\u00fcrkiye Cumhuriyeti&#8217;nin kurucusu ve Ba\u015f\u00f6\u011fretmen Gazi Mustafa Kemal Atat\u00fcrk, aram\u0131zdan ayr\u0131l\u0131\u015f\u0131n\u0131n 86. y\u0131l d\u00f6n\u00fcm\u00fcnde an\u0131l\u0131yor. Bu \u00f6zel g\u00fcnde, Atat\u00fcrk&#8217;\u00fc sayg\u0131, minnet, \u00f6zlem ve rahmetle anmak i\u00e7in etkinlikler d\u00fczenleniyor. Vatanda\u015flar, Atat\u00fcrk&#8217;\u00fcn hat\u0131ras\u0131n\u0131 ya\u015fatmak ve onun miras\u0131na sahip \u00e7\u0131kmak amac\u0131yla \u00e7e\u015fitli programlarla bir araya geliyor. Bu anlaml\u0131 g\u00fcnde yap\u0131lan anma etkinlikleri, halk\u0131n Atat\u00fcrk&#8217;e olan ba\u011fl\u0131l\u0131\u011f\u0131n\u0131 bir kez daha g\u00f6zler \u00f6n\u00fcne seriyor.<\/p>\n","protected":false},"excerpt":{"rendered":"<p>T\u00fcrkiye Cumhuriyeti&#8217;nin kurucusu ve Ba\u015f\u00f6\u011fretmen Gazi Mustafa Kemal Atat\u00fcrk, aram\u0131zdan ayr\u0131l\u0131\u015f\u0131n\u0131n 86. y\u0131l d\u00f6n\u00fcm\u00fcnde an\u0131l\u0131yor. Bu \u00f6zel g\u00fcnde, Atat\u00fcrk&#8217;\u00fc sayg\u0131, minnet, \u00f6zlem ve rahmetle anmak i\u00e7in etkinlikler d\u00fczenleniyor. Vatanda\u015flar, Atat\u00fcrk&#8217;\u00fcn hat\u0131ras\u0131n\u0131 ya\u015fatmak ve onun miras\u0131na sahip \u00e7\u0131kmak amac\u0131yla \u00e7e\u015fitli programlarla&#8230;<\/p>\n","protected":false},"author":1,"featured_media":14630,"comment_status":"closed","ping_status":"closed","sticky":false,"template":"","format":"standard","meta":{"footnotes":""},"categories":[27],"tags":[],"class_list":["post-14629","post","type-post","status-publish","format-standard","has-post-thumbnail","hentry","category-egitim"],"_links":{"self":[{"href":"http:\/\/gazetevizyon.com\/index.php?rest_route=\/wp\/v2\/posts\/14629","targetHints":{"allow":["GET"]}}],"collection":[{"href":"http:\/\/gazetevizyon.com\/index.php?rest_route=\/wp\/v2\/posts"}],"about":[{"href":"http:\/\/gazetevizyon.com\/index.php?rest_route=\/wp\/v2\/types\/post"}],"author":[{"embeddable":true,"href":"http:\/\/gazetevizyon.com\/index.php?rest_route=\/wp\/v2\/users\/1"}],"replies":[{"embeddable":true,"href":"http:\/\/gazetevizyon.com\/index.php?rest_route=%2Fwp%2Fv2%2Fcomments&post=14629"}],"version-history":[{"count":0,"href":"http:\/\/gazetevizyon.com\/index.php?rest_route=\/wp\/v2\/posts\/14629\/revisions"}],"wp:featuredmedia":[{"embeddable":true,"href":"http:\/\/gazetevizyon.com\/index.php?rest_route=\/wp\/v2\/media\/14630"}],"wp:attachment":[{"href":"http:\/\/gazetevizyon.com\/index.php?rest_route=%2Fwp%2Fv2%2Fmedia&parent=14629"}],"wp:term":[{"taxonomy":"category","embeddable":true,"href":"http:\/\/gazetevizyon.com\/index.php?rest_route=%2Fwp%2Fv2%2Fcategories&post=14629"},{"taxonomy":"post_tag","embeddable":true,"href":"http:\/\/gazetevizyon.com\/index.php?rest_route=%2Fwp%2Fv2%2Ftags&post=14629"}],"curies":[{"name":"wp","href":"https:\/\/api.w.org\/{rel}","templated":true}]}}