{"id":14635,"date":"2024-11-11T01:12:22","date_gmt":"2024-11-11T01:12:22","guid":{"rendered":"http:\/\/gazetevizyon.com\/?p=14635"},"modified":"2024-11-11T01:12:22","modified_gmt":"2024-11-11T01:12:22","slug":"anma-etkinligi-ile-mustafa-kemal-ataturk-saygiyla-anildi","status":"publish","type":"post","link":"http:\/\/gazetevizyon.com\/?p=14635","title":{"rendered":"Anma Etkinli\u011fi ile Mustafa Kemal Atat\u00fcrk Sayg\u0131yla An\u0131ld\u0131"},"content":{"rendered":"<p>Cumhuriyetimizin Kurucusu Ulu \u00d6nder Mustafa Kemal Atat\u00fcrk, anma g\u00fcn\u00fcn\u00fcn 86. y\u0131l d\u00f6n\u00fcm\u00fcnde Dursunbey&#8217;de d\u00fczenlenen etkinliklerle an\u0131ld\u0131. Etkinlikler, il\u00e7enin Cumhuriyet Meydan\u0131&#8217;nda ger\u00e7ekle\u015ftirilen \u00e7elenk sunma t\u00f6reni ile ba\u015flad\u0131. Bu anlaml\u0131 anma, Atat\u00fcrk&#8217;\u00fc sayg\u0131 ile yad etme f\u0131rsat\u0131 sundu.<\/p>\n<p>T\u00f6renin ard\u0131ndan, il\u00e7edeki Sadullah \u00d6zer \u0130lkokulu&#8217;nun toplant\u0131 salonunda \u00f6zel bir anma program\u0131 yap\u0131ld\u0131. Anma program\u0131na Dursunbey Kaymakam\u0131 Muttalip \u00c7ET\u0130N ve \u00e7e\u015fitli protokol \u00fcyeleri kat\u0131larak etkinli\u011fe destek verdiler.<\/p>\n","protected":false},"excerpt":{"rendered":"<p>Cumhuriyetimizin Kurucusu Ulu \u00d6nder Mustafa Kemal Atat\u00fcrk, anma g\u00fcn\u00fcn\u00fcn 86. y\u0131l d\u00f6n\u00fcm\u00fcnde Dursunbey&#8217;de d\u00fczenlenen etkinliklerle an\u0131ld\u0131. Etkinlikler, il\u00e7enin Cumhuriyet Meydan\u0131&#8217;nda ger\u00e7ekle\u015ftirilen \u00e7elenk sunma t\u00f6reni ile ba\u015flad\u0131. Bu anlaml\u0131 anma, Atat\u00fcrk&#8217;\u00fc sayg\u0131 ile yad etme f\u0131rsat\u0131 sundu. T\u00f6renin ard\u0131ndan, il\u00e7edeki Sadullah&#8230;<\/p>\n","protected":false},"author":1,"featured_media":14636,"comment_status":"closed","ping_status":"closed","sticky":false,"template":"","format":"standard","meta":{"footnotes":""},"categories":[25],"tags":[],"class_list":["post-14635","post","type-post","status-publish","format-standard","has-post-thumbnail","hentry","category-spor"],"_links":{"self":[{"href":"http:\/\/gazetevizyon.com\/index.php?rest_route=\/wp\/v2\/posts\/14635","targetHints":{"allow":["GET"]}}],"collection":[{"href":"http:\/\/gazetevizyon.com\/index.php?rest_route=\/wp\/v2\/posts"}],"about":[{"href":"http:\/\/gazetevizyon.com\/index.php?rest_route=\/wp\/v2\/types\/post"}],"author":[{"embeddable":true,"href":"http:\/\/gazetevizyon.com\/index.php?rest_route=\/wp\/v2\/users\/1"}],"replies":[{"embeddable":true,"href":"http:\/\/gazetevizyon.com\/index.php?rest_route=%2Fwp%2Fv2%2Fcomments&post=14635"}],"version-history":[{"count":0,"href":"http:\/\/gazetevizyon.com\/index.php?rest_route=\/wp\/v2\/posts\/14635\/revisions"}],"wp:featuredmedia":[{"embeddable":true,"href":"http:\/\/gazetevizyon.com\/index.php?rest_route=\/wp\/v2\/media\/14636"}],"wp:attachment":[{"href":"http:\/\/gazetevizyon.com\/index.php?rest_route=%2Fwp%2Fv2%2Fmedia&parent=14635"}],"wp:term":[{"taxonomy":"category","embeddable":true,"href":"http:\/\/gazetevizyon.com\/index.php?rest_route=%2Fwp%2Fv2%2Fcategories&post=14635"},{"taxonomy":"post_tag","embeddable":true,"href":"http:\/\/gazetevizyon.com\/index.php?rest_route=%2Fwp%2Fv2%2Ftags&post=14635"}],"curies":[{"name":"wp","href":"https:\/\/api.w.org\/{rel}","templated":true}]}}