{"id":14637,"date":"2024-11-11T00:54:47","date_gmt":"2024-11-11T00:54:47","guid":{"rendered":"http:\/\/gazetevizyon.com\/?p=14637"},"modified":"2024-11-11T00:54:47","modified_gmt":"2024-11-11T00:54:47","slug":"10-kasim-ataturku-anma-gunu-kutlamalari-susurlukta-yapildi","status":"publish","type":"post","link":"http:\/\/gazetevizyon.com\/?p=14637","title":{"rendered":"10 Kas\u0131m Atat\u00fcrk\u2019\u00fc Anma G\u00fcn\u00fc Kutlamalar\u0131 Susurluk&#8217;ta Yap\u0131ld\u0131"},"content":{"rendered":"<p>Etkinlikler, 10 Kas\u0131m Atat\u00fcrk\u2019\u00fc Anma G\u00fcn\u00fc dolay\u0131s\u0131yla Susurluk&#8217;ta d\u00fczenlendi. Atat\u00fcrk An\u0131t\u0131&#8217;na \u00e7elenk sunma t\u00f6reniyle ba\u015flayan etkinlikler, b\u00fcy\u00fck bir co\u015fkuyla ger\u00e7ekle\u015ftirildi. <\/p>\n<p>T\u00f6rene kat\u0131lanlar, Ata&#8217;ya olan sayg\u0131 ve sevgilerini ifade ettiler. \u00c7elenk sunma t\u00f6reninin ard\u0131ndan, Kongre ve K\u00fclt\u00fcr Merkezi&#8217;nde \u00f6\u011frenciler taraf\u0131ndan haz\u0131rlanan anma etkinlikleri ve g\u00f6steriler d\u00fczenlendi. Gen\u00e7lerin sahne ald\u0131\u011f\u0131 bu etkinlikler, Atat\u00fcrk&#8217;\u00fc anma ve onurland\u0131rma amac\u0131n\u0131 ta\u015f\u0131yor. <\/p>\n<p>Susurluklular, Atat\u00fcrk&#8217;\u00fc sayg\u0131, minnet ve \u00f6zlemle anarak bu \u00f6zel g\u00fcnde bir araya geldi. Bu anlaml\u0131 g\u00fcnde Atat\u00fcrk&#8217;\u00fc anmak ve de\u011ferini vurgulamak i\u00e7in yap\u0131lan etkinlikler, vatanda\u015flar aras\u0131nda birlik ve beraberlik duygusunu peki\u015ftirdi.<\/p>\n","protected":false},"excerpt":{"rendered":"<p>Etkinlikler, 10 Kas\u0131m Atat\u00fcrk\u2019\u00fc Anma G\u00fcn\u00fc dolay\u0131s\u0131yla Susurluk&#8217;ta d\u00fczenlendi. Atat\u00fcrk An\u0131t\u0131&#8217;na \u00e7elenk sunma t\u00f6reniyle ba\u015flayan etkinlikler, b\u00fcy\u00fck bir co\u015fkuyla ger\u00e7ekle\u015ftirildi. T\u00f6rene kat\u0131lanlar, Ata&#8217;ya olan sayg\u0131 ve sevgilerini ifade ettiler. \u00c7elenk sunma t\u00f6reninin ard\u0131ndan, Kongre ve K\u00fclt\u00fcr Merkezi&#8217;nde \u00f6\u011frenciler taraf\u0131ndan haz\u0131rlanan&#8230;<\/p>\n","protected":false},"author":1,"featured_media":14638,"comment_status":"closed","ping_status":"closed","sticky":false,"template":"","format":"standard","meta":{"footnotes":""},"categories":[36],"tags":[],"class_list":["post-14637","post","type-post","status-publish","format-standard","has-post-thumbnail","hentry","category-manset"],"_links":{"self":[{"href":"http:\/\/gazetevizyon.com\/index.php?rest_route=\/wp\/v2\/posts\/14637","targetHints":{"allow":["GET"]}}],"collection":[{"href":"http:\/\/gazetevizyon.com\/index.php?rest_route=\/wp\/v2\/posts"}],"about":[{"href":"http:\/\/gazetevizyon.com\/index.php?rest_route=\/wp\/v2\/types\/post"}],"author":[{"embeddable":true,"href":"http:\/\/gazetevizyon.com\/index.php?rest_route=\/wp\/v2\/users\/1"}],"replies":[{"embeddable":true,"href":"http:\/\/gazetevizyon.com\/index.php?rest_route=%2Fwp%2Fv2%2Fcomments&post=14637"}],"version-history":[{"count":0,"href":"http:\/\/gazetevizyon.com\/index.php?rest_route=\/wp\/v2\/posts\/14637\/revisions"}],"wp:featuredmedia":[{"embeddable":true,"href":"http:\/\/gazetevizyon.com\/index.php?rest_route=\/wp\/v2\/media\/14638"}],"wp:attachment":[{"href":"http:\/\/gazetevizyon.com\/index.php?rest_route=%2Fwp%2Fv2%2Fmedia&parent=14637"}],"wp:term":[{"taxonomy":"category","embeddable":true,"href":"http:\/\/gazetevizyon.com\/index.php?rest_route=%2Fwp%2Fv2%2Fcategories&post=14637"},{"taxonomy":"post_tag","embeddable":true,"href":"http:\/\/gazetevizyon.com\/index.php?rest_route=%2Fwp%2Fv2%2Ftags&post=14637"}],"curies":[{"name":"wp","href":"https:\/\/api.w.org\/{rel}","templated":true}]}}