{"id":14681,"date":"2024-11-11T12:35:11","date_gmt":"2024-11-11T12:35:11","guid":{"rendered":"http:\/\/gazetevizyon.com\/?p=14681"},"modified":"2024-11-11T12:35:11","modified_gmt":"2024-11-11T12:35:11","slug":"balikesir-buyuksehir-belediyesi-ataturku-anma-programi-duzenledi","status":"publish","type":"post","link":"http:\/\/gazetevizyon.com\/?p=14681","title":{"rendered":"Bal\u0131kesir B\u00fcy\u00fck\u015fehir Belediyesi, Atat\u00fcrk\u2019\u00fc Anma Program\u0131 D\u00fczenledi"},"content":{"rendered":"<p>Bal\u0131kesir B\u00fcy\u00fck\u015fehir Belediyesi, 10 Kas\u0131m tarihi dolay\u0131s\u0131yla d\u00fczenledi\u011fi \u00f6zel bir etkinlikle Atat\u00fcrk\u2019\u00fc anma program\u0131na imza att\u0131. Cumhuriyet Meydan\u0131\u2019nda ger\u00e7ekle\u015ftirilen etkinlikte, Atat\u00fcrk\u2019\u00fc Anma Foto\u011fraf Sergisi a\u00e7\u0131ld\u0131. Etkinli\u011fin a\u00e7\u0131l\u0131\u015f\u0131nda konu\u015fan Bal\u0131kesir B\u00fcy\u00fck\u015fehir Belediye Ba\u015fkan\u0131 Ahmet Ak\u0131n, cumhuriyetin \u00f6nemine vurgu yapt\u0131. Ak\u0131n, \u201cBen, bize emanet edilen cumhuriyetimize sahip \u00e7\u0131kt\u0131\u011f\u0131m\u0131z\u0131 ve Atat\u00fcrk&#8217;\u00fcn ilke ve ink\u0131l\u00e2plar\u0131na sahip \u00e7\u0131kt\u0131\u011f\u0131m\u0131z\u0131 burada Kuvayi Milliye&#8217;nin ba\u015f \u015fehrinden b\u00fct\u00fcn \u00fclkeye hayk\u0131rmak istiyorum.\u201d ifadelerini kulland\u0131.<\/p>\n<p>Bu anlaml\u0131 etkinlik, Atat\u00fcrk\u2019\u00fcn an\u0131s\u0131n\u0131 ya\u015fatmak ve Cumhuriyet de\u011ferlerini peki\u015ftirmek amac\u0131yla d\u00fczenlendi. Sergide, Atat\u00fcrk\u2019\u00fcn hayat\u0131ndan kesitler sunan \u00f6zel foto\u011fraflar yer ald\u0131. Ziyaret\u00e7iler, sergi arac\u0131l\u0131\u011f\u0131yla Atat\u00fcrk&#8217;\u00fcn ya\u015fam\u0131n\u0131 ve m\u00fccadelelerini daha yak\u0131ndan tan\u0131ma f\u0131rsat\u0131 buldu. Bal\u0131kesir Belediyesi, bu t\u00fcr etkinliklerle toplumu bilgilendirmeyi ve Atat\u00fcrk\u2019\u00fcn miras\u0131n\u0131 gelecek nesillere aktarmay\u0131 hedefliyor.<\/p>\n","protected":false},"excerpt":{"rendered":"<p>Bal\u0131kesir B\u00fcy\u00fck\u015fehir Belediyesi, 10 Kas\u0131m tarihi dolay\u0131s\u0131yla d\u00fczenledi\u011fi \u00f6zel bir etkinlikle Atat\u00fcrk\u2019\u00fc anma program\u0131na imza att\u0131. Cumhuriyet Meydan\u0131\u2019nda ger\u00e7ekle\u015ftirilen etkinlikte, Atat\u00fcrk\u2019\u00fc Anma Foto\u011fraf Sergisi a\u00e7\u0131ld\u0131. Etkinli\u011fin a\u00e7\u0131l\u0131\u015f\u0131nda konu\u015fan Bal\u0131kesir B\u00fcy\u00fck\u015fehir Belediye Ba\u015fkan\u0131 Ahmet Ak\u0131n, cumhuriyetin \u00f6nemine vurgu yapt\u0131. Ak\u0131n, \u201cBen,&#8230;<\/p>\n","protected":false},"author":1,"featured_media":14682,"comment_status":"closed","ping_status":"closed","sticky":false,"template":"","format":"standard","meta":{"footnotes":""},"categories":[25],"tags":[],"class_list":["post-14681","post","type-post","status-publish","format-standard","has-post-thumbnail","hentry","category-spor"],"_links":{"self":[{"href":"http:\/\/gazetevizyon.com\/index.php?rest_route=\/wp\/v2\/posts\/14681","targetHints":{"allow":["GET"]}}],"collection":[{"href":"http:\/\/gazetevizyon.com\/index.php?rest_route=\/wp\/v2\/posts"}],"about":[{"href":"http:\/\/gazetevizyon.com\/index.php?rest_route=\/wp\/v2\/types\/post"}],"author":[{"embeddable":true,"href":"http:\/\/gazetevizyon.com\/index.php?rest_route=\/wp\/v2\/users\/1"}],"replies":[{"embeddable":true,"href":"http:\/\/gazetevizyon.com\/index.php?rest_route=%2Fwp%2Fv2%2Fcomments&post=14681"}],"version-history":[{"count":0,"href":"http:\/\/gazetevizyon.com\/index.php?rest_route=\/wp\/v2\/posts\/14681\/revisions"}],"wp:featuredmedia":[{"embeddable":true,"href":"http:\/\/gazetevizyon.com\/index.php?rest_route=\/wp\/v2\/media\/14682"}],"wp:attachment":[{"href":"http:\/\/gazetevizyon.com\/index.php?rest_route=%2Fwp%2Fv2%2Fmedia&parent=14681"}],"wp:term":[{"taxonomy":"category","embeddable":true,"href":"http:\/\/gazetevizyon.com\/index.php?rest_route=%2Fwp%2Fv2%2Fcategories&post=14681"},{"taxonomy":"post_tag","embeddable":true,"href":"http:\/\/gazetevizyon.com\/index.php?rest_route=%2Fwp%2Fv2%2Ftags&post=14681"}],"curies":[{"name":"wp","href":"https:\/\/api.w.org\/{rel}","templated":true}]}}