{"id":14705,"date":"2024-11-11T15:51:27","date_gmt":"2024-11-11T15:51:27","guid":{"rendered":"http:\/\/gazetevizyon.com\/?p=14705"},"modified":"2024-11-11T15:51:27","modified_gmt":"2024-11-11T15:51:27","slug":"erdekte-fidan-dikme-etkinligi-gerceklesti","status":"publish","type":"post","link":"http:\/\/gazetevizyon.com\/?p=14705","title":{"rendered":"Erdek\u2019te Fidan Dikme Etkinli\u011fi Ger\u00e7ekle\u015fti"},"content":{"rendered":"<p>Erdek il\u00e7esinde, 11 Kas\u0131m Milli A\u011fa\u00e7land\u0131rma G\u00fcn\u00fc dolay\u0131s\u0131yla anlaml\u0131 bir etkinlik ger\u00e7ekle\u015ftirildi. &#8220;Gelece\u011fe Nefes \u0130nsanl\u0131\u011fa Nefes&#8221; slogan\u0131 ile d\u00fczenlenen fidan dikme etkinli\u011fi, Erdek Orman \u0130\u015fletme \u015eefli\u011fi koordinasyonunda yap\u0131ld\u0131. <\/p>\n<p>Etkinli\u011fe kat\u0131l\u0131m yo\u011fun oldu. Erdek Belediye Ba\u015fkan\u0131 Burhan KARI\u015eIK, \u0130l\u00e7e Milli E\u011fitim M\u00fcd\u00fcr\u00fc \u015eafak TURAN, \u0130l\u00e7e Tar\u0131m M\u00fcd\u00fcr\u00fc Dilek I\u015eIKTA\u015e, Orman \u0130\u015fletme \u015eefi Ay\u015fe ANDI\u00c7, okul m\u00fcd\u00fcrleri, \u00f6\u011fretmenler ve \u00f6\u011frenciler fidan dikiminde yer ald\u0131. <\/p>\n<p>Bu organizasyon, gen\u00e7 nesillerin a\u011fa\u00e7land\u0131rma konusundaki duyarl\u0131l\u0131\u011f\u0131n\u0131 art\u0131rmay\u0131 ve gelecek i\u00e7in ye\u015fil bir \u00e7evre b\u0131rakmay\u0131 ama\u00e7l\u0131yor. Yerel y\u00f6neticiler ve e\u011fitimcilerin deste\u011fiyle y\u00fcr\u00fct\u00fclen bu t\u00fcr etkinlikler, do\u011fal varl\u0131klar\u0131n korunmas\u0131 ve art\u0131r\u0131lmas\u0131 y\u00f6n\u00fcnde \u00f6nemli bir ad\u0131m olarak de\u011ferlendiriliyor. <\/p>\n<p>Erdek\u2019teki bu etkinlik, 11 Kas\u0131m&#8217;\u0131n \u00fclke genelinde kutlanan a\u011fa\u00e7 dikme ve \u00e7evre bilincinin geli\u015ftirilmesi a\u00e7\u0131s\u0131ndan b\u00fcy\u00fck bir \u00f6nem ta\u015f\u0131d\u0131\u011f\u0131 vurguland\u0131.<\/p>\n","protected":false},"excerpt":{"rendered":"<p>Erdek il\u00e7esinde, 11 Kas\u0131m Milli A\u011fa\u00e7land\u0131rma G\u00fcn\u00fc dolay\u0131s\u0131yla anlaml\u0131 bir etkinlik ger\u00e7ekle\u015ftirildi. &#8220;Gelece\u011fe Nefes \u0130nsanl\u0131\u011fa Nefes&#8221; slogan\u0131 ile d\u00fczenlenen fidan dikme etkinli\u011fi, Erdek Orman \u0130\u015fletme \u015eefli\u011fi koordinasyonunda yap\u0131ld\u0131. Etkinli\u011fe kat\u0131l\u0131m yo\u011fun oldu. Erdek Belediye Ba\u015fkan\u0131 Burhan KARI\u015eIK, \u0130l\u00e7e Milli E\u011fitim&#8230;<\/p>\n","protected":false},"author":1,"featured_media":14706,"comment_status":"closed","ping_status":"closed","sticky":false,"template":"","format":"standard","meta":{"footnotes":""},"categories":[27],"tags":[],"class_list":["post-14705","post","type-post","status-publish","format-standard","has-post-thumbnail","hentry","category-egitim"],"_links":{"self":[{"href":"http:\/\/gazetevizyon.com\/index.php?rest_route=\/wp\/v2\/posts\/14705","targetHints":{"allow":["GET"]}}],"collection":[{"href":"http:\/\/gazetevizyon.com\/index.php?rest_route=\/wp\/v2\/posts"}],"about":[{"href":"http:\/\/gazetevizyon.com\/index.php?rest_route=\/wp\/v2\/types\/post"}],"author":[{"embeddable":true,"href":"http:\/\/gazetevizyon.com\/index.php?rest_route=\/wp\/v2\/users\/1"}],"replies":[{"embeddable":true,"href":"http:\/\/gazetevizyon.com\/index.php?rest_route=%2Fwp%2Fv2%2Fcomments&post=14705"}],"version-history":[{"count":0,"href":"http:\/\/gazetevizyon.com\/index.php?rest_route=\/wp\/v2\/posts\/14705\/revisions"}],"wp:featuredmedia":[{"embeddable":true,"href":"http:\/\/gazetevizyon.com\/index.php?rest_route=\/wp\/v2\/media\/14706"}],"wp:attachment":[{"href":"http:\/\/gazetevizyon.com\/index.php?rest_route=%2Fwp%2Fv2%2Fmedia&parent=14705"}],"wp:term":[{"taxonomy":"category","embeddable":true,"href":"http:\/\/gazetevizyon.com\/index.php?rest_route=%2Fwp%2Fv2%2Fcategories&post=14705"},{"taxonomy":"post_tag","embeddable":true,"href":"http:\/\/gazetevizyon.com\/index.php?rest_route=%2Fwp%2Fv2%2Ftags&post=14705"}],"curies":[{"name":"wp","href":"https:\/\/api.w.org\/{rel}","templated":true}]}}