{"id":14707,"date":"2024-11-11T15:41:16","date_gmt":"2024-11-11T15:41:16","guid":{"rendered":"http:\/\/gazetevizyon.com\/?p=14707"},"modified":"2024-11-11T15:41:16","modified_gmt":"2024-11-11T15:41:16","slug":"edremit-ilce-milli-egitim-muduru-egitim-kalitesini-artirmak-icin-okul-ziyaretlerine-devam-ediyor","status":"publish","type":"post","link":"http:\/\/gazetevizyon.com\/?p=14707","title":{"rendered":"Edremit \u0130l\u00e7e Milli E\u011fitim M\u00fcd\u00fcr\u00fc, E\u011fitim Kalitesini Art\u0131rmak \u0130\u00e7in Okul Ziyaretlerine Devam Ediyor"},"content":{"rendered":"<p>Edremit \u0130l\u00e7e Milli E\u011fitim M\u00fcd\u00fcr\u00fc Ya\u015far Ci\u011fer, ara tatil d\u00f6neminde G\u00fcre Atat\u00fcrk \u0130lkokulu\/Ortaokulu&#8217;nu ziyaret etti. Ziyaretinde, okulda devam eden tadilat \u00e7al\u0131\u015fmalar\u0131n\u0131 yerinde inceleme f\u0131rsat\u0131 buldu. <\/p>\n<p>Ziyaretin amac\u0131, okulun fiziksel \u015fartlar\u0131n\u0131 iyile\u015ftirerek \u00f6\u011frencilerin daha iyi bir e\u011fitim almas\u0131n\u0131 sa\u011flamak. M\u00fcd\u00fcr Ci\u011fer, yap\u0131lan \u00e7al\u0131\u015fmalar hakk\u0131nda bilgi alarak, okul y\u00f6netimi ve \u00e7al\u0131\u015fanlar\u0131n\u0131n gayretlerini takdir etti. <\/p>\n<p>E\u011fitim kalitesini art\u0131rmay\u0131 hedefleyen bu t\u00fcr ziyaretlerin, okulun geli\u015fimine katk\u0131 sa\u011flad\u0131\u011f\u0131 vurguland\u0131. M\u00fcd\u00fcr, \u00f6\u011frencilerin ve \u00f6\u011fretmenlerin daha sa\u011fl\u0131kl\u0131 ve g\u00fcvenli bir ortamda e\u011fitim almas\u0131n\u0131n \u00f6nemine dikkat \u00e7ekti.<\/p>\n","protected":false},"excerpt":{"rendered":"<p>Edremit \u0130l\u00e7e Milli E\u011fitim M\u00fcd\u00fcr\u00fc Ya\u015far Ci\u011fer, ara tatil d\u00f6neminde G\u00fcre Atat\u00fcrk \u0130lkokulu\/Ortaokulu&#8217;nu ziyaret etti. Ziyaretinde, okulda devam eden tadilat \u00e7al\u0131\u015fmalar\u0131n\u0131 yerinde inceleme f\u0131rsat\u0131 buldu. Ziyaretin amac\u0131, okulun fiziksel \u015fartlar\u0131n\u0131 iyile\u015ftirerek \u00f6\u011frencilerin daha iyi bir e\u011fitim almas\u0131n\u0131 sa\u011flamak. M\u00fcd\u00fcr Ci\u011fer,&#8230;<\/p>\n","protected":false},"author":1,"featured_media":14708,"comment_status":"closed","ping_status":"closed","sticky":false,"template":"","format":"standard","meta":{"footnotes":""},"categories":[25],"tags":[],"class_list":["post-14707","post","type-post","status-publish","format-standard","has-post-thumbnail","hentry","category-spor"],"_links":{"self":[{"href":"http:\/\/gazetevizyon.com\/index.php?rest_route=\/wp\/v2\/posts\/14707","targetHints":{"allow":["GET"]}}],"collection":[{"href":"http:\/\/gazetevizyon.com\/index.php?rest_route=\/wp\/v2\/posts"}],"about":[{"href":"http:\/\/gazetevizyon.com\/index.php?rest_route=\/wp\/v2\/types\/post"}],"author":[{"embeddable":true,"href":"http:\/\/gazetevizyon.com\/index.php?rest_route=\/wp\/v2\/users\/1"}],"replies":[{"embeddable":true,"href":"http:\/\/gazetevizyon.com\/index.php?rest_route=%2Fwp%2Fv2%2Fcomments&post=14707"}],"version-history":[{"count":0,"href":"http:\/\/gazetevizyon.com\/index.php?rest_route=\/wp\/v2\/posts\/14707\/revisions"}],"wp:featuredmedia":[{"embeddable":true,"href":"http:\/\/gazetevizyon.com\/index.php?rest_route=\/wp\/v2\/media\/14708"}],"wp:attachment":[{"href":"http:\/\/gazetevizyon.com\/index.php?rest_route=%2Fwp%2Fv2%2Fmedia&parent=14707"}],"wp:term":[{"taxonomy":"category","embeddable":true,"href":"http:\/\/gazetevizyon.com\/index.php?rest_route=%2Fwp%2Fv2%2Fcategories&post=14707"},{"taxonomy":"post_tag","embeddable":true,"href":"http:\/\/gazetevizyon.com\/index.php?rest_route=%2Fwp%2Fv2%2Ftags&post=14707"}],"curies":[{"name":"wp","href":"https:\/\/api.w.org\/{rel}","templated":true}]}}