{"id":14713,"date":"2024-11-11T16:59:20","date_gmt":"2024-11-11T16:59:20","guid":{"rendered":"http:\/\/gazetevizyon.com\/?p=14713"},"modified":"2024-11-11T16:59:20","modified_gmt":"2024-11-11T16:59:20","slug":"ilcede-agaclandirma-etkinligi-gerceklesti","status":"publish","type":"post","link":"http:\/\/gazetevizyon.com\/?p=14713","title":{"rendered":"\u0130l\u00e7ede A\u011fa\u00e7land\u0131rma Etkinli\u011fi Ger\u00e7ekle\u015fti"},"content":{"rendered":"<p>Havran il\u00e7esinde, 11 Kas\u0131m 2024 tarihinde Mill\u00ee A\u011fa\u00e7land\u0131rma G\u00fcn\u00fc dolay\u0131s\u0131yla Kalabak K\u0131rsal Mahallesi&#8217;nde bir fidan dikim etkinli\u011fi d\u00fczenlendi. Etkinli\u011fe kat\u0131lanlar aras\u0131nda Havran \u0130l\u00e7e Kaymakam\u0131 Enver \u00d6ZDER\u0130N, \u0130l\u00e7e Belediye Ba\u015fkan\u0131 Emin ERSOY ve \u0130l\u00e7e Mill\u00ee E\u011fitim M\u00fcd\u00fcr\u00fc H\u00fcseyin AYDEM\u0130R gibi \u00f6nemli isimler yer ald\u0131. Ayr\u0131ca, orman i\u015fletme \u015fefleri, daire amirleri, \u00f6\u011frenciler ve orman \u00e7al\u0131\u015fanlar\u0131 da etkinlikte haz\u0131r bulundu.<\/p>\n<p>Fidan Dikim A\u015famas\u0131<\/p>\n<p>Etkinlik, kat\u0131l\u0131mc\u0131 gruplar\u0131n\u0131n a\u011fa\u00e7land\u0131rma sahas\u0131nda bir araya gelmesiyle ba\u015flad\u0131. \u00c7\u0131narl\u0131han Orman \u0130\u015fletme \u015eefi Tu\u011f\u00e7e Dil\u015fad AKG\u00dcN, fidan dikimi hakk\u0131nda bilgi vererek ormanlar\u0131n \u00f6nemine vurgu yapt\u0131. Ard\u0131ndan, protokol \u00fcyeleri ve \u00f6\u011frenciler fidanlar\u0131n\u0131 toprakla bulu\u015fturdu.<\/p>\n<p>Gelece\u011fe Nefes<\/p>\n<p>\u201cGelece\u011fe Nefes \u0130nsanl\u0131\u011fa Nefes\u201d slogan\u0131yla ger\u00e7ekle\u015ftirilen bu organizasyon, gelece\u011fin ye\u015fil bir d\u00fcnyaya ad\u0131m atmas\u0131 ad\u0131na \u00f6nemli bir ad\u0131m olarak de\u011ferlendiriliyor. Etkinlik sonunda kat\u0131l\u0131mc\u0131lar, dikilen fidanlar\u0131n a\u011fa\u00e7lara, a\u011fa\u00e7lar\u0131n ise geni\u015f orman alanlar\u0131na d\u00f6n\u00fc\u015fmesi temennisinde bulunarak Mill\u00ee A\u011fa\u00e7land\u0131rma G\u00fcn\u00fcn\u00fc kutlad\u0131lar.<\/p>\n","protected":false},"excerpt":{"rendered":"<p>Havran il\u00e7esinde, 11 Kas\u0131m 2024 tarihinde Mill\u00ee A\u011fa\u00e7land\u0131rma G\u00fcn\u00fc dolay\u0131s\u0131yla Kalabak K\u0131rsal Mahallesi&#8217;nde bir fidan dikim etkinli\u011fi d\u00fczenlendi. Etkinli\u011fe kat\u0131lanlar aras\u0131nda Havran \u0130l\u00e7e Kaymakam\u0131 Enver \u00d6ZDER\u0130N, \u0130l\u00e7e Belediye Ba\u015fkan\u0131 Emin ERSOY ve \u0130l\u00e7e Mill\u00ee E\u011fitim M\u00fcd\u00fcr\u00fc H\u00fcseyin AYDEM\u0130R gibi \u00f6nemli&#8230;<\/p>\n","protected":false},"author":1,"featured_media":14714,"comment_status":"closed","ping_status":"closed","sticky":false,"template":"","format":"standard","meta":{"footnotes":""},"categories":[27],"tags":[],"class_list":["post-14713","post","type-post","status-publish","format-standard","has-post-thumbnail","hentry","category-egitim"],"_links":{"self":[{"href":"http:\/\/gazetevizyon.com\/index.php?rest_route=\/wp\/v2\/posts\/14713","targetHints":{"allow":["GET"]}}],"collection":[{"href":"http:\/\/gazetevizyon.com\/index.php?rest_route=\/wp\/v2\/posts"}],"about":[{"href":"http:\/\/gazetevizyon.com\/index.php?rest_route=\/wp\/v2\/types\/post"}],"author":[{"embeddable":true,"href":"http:\/\/gazetevizyon.com\/index.php?rest_route=\/wp\/v2\/users\/1"}],"replies":[{"embeddable":true,"href":"http:\/\/gazetevizyon.com\/index.php?rest_route=%2Fwp%2Fv2%2Fcomments&post=14713"}],"version-history":[{"count":0,"href":"http:\/\/gazetevizyon.com\/index.php?rest_route=\/wp\/v2\/posts\/14713\/revisions"}],"wp:featuredmedia":[{"embeddable":true,"href":"http:\/\/gazetevizyon.com\/index.php?rest_route=\/wp\/v2\/media\/14714"}],"wp:attachment":[{"href":"http:\/\/gazetevizyon.com\/index.php?rest_route=%2Fwp%2Fv2%2Fmedia&parent=14713"}],"wp:term":[{"taxonomy":"category","embeddable":true,"href":"http:\/\/gazetevizyon.com\/index.php?rest_route=%2Fwp%2Fv2%2Fcategories&post=14713"},{"taxonomy":"post_tag","embeddable":true,"href":"http:\/\/gazetevizyon.com\/index.php?rest_route=%2Fwp%2Fv2%2Ftags&post=14713"}],"curies":[{"name":"wp","href":"https:\/\/api.w.org\/{rel}","templated":true}]}}