{"id":14745,"date":"2024-11-11T23:00:49","date_gmt":"2024-11-11T23:00:49","guid":{"rendered":"http:\/\/gazetevizyon.com\/?p=14745"},"modified":"2024-11-11T23:00:49","modified_gmt":"2024-11-11T23:00:49","slug":"86-yildonumunde-ataturku-anma-toreni-yapildi","status":"publish","type":"post","link":"http:\/\/gazetevizyon.com\/?p=14745","title":{"rendered":"86. Y\u0131ld\u00f6n\u00fcm\u00fcnde Atat\u00fcrk\u2019\u00fc Anma T\u00f6reni Yap\u0131ld\u0131"},"content":{"rendered":"<p>Gazi Mustafa Kemal Atat\u00fcrk, ebediyete intikalinin 86. y\u0131ld\u00f6n\u00fcm\u00fcnde an\u0131ld\u0131. <\/p>\n<p>T\u00f6renin Ger\u00e7ekle\u015fti\u011fi Yer<\/p>\n<p>T\u00f6ren, il\u00e7emiz meydan\u0131nda ger\u00e7ekle\u015ftirildi. <\/p>\n<p>D\u00fczenleyenler ve Kat\u0131l\u0131mc\u0131lar<\/p>\n<p>\u0130l\u00e7e Kaymakam\u0131 Zeynep Demir, Belediye Ba\u015fkan\u0131 Orhan Gaga, \u0130l\u00e7e Milli E\u011fitim M\u00fcd\u00fcr\u00fc \u0130brahim \u00c7ak\u0131r, \u015fube m\u00fcd\u00fcrleri, kurum amirleri, \u00f6\u011fretmenler, \u00f6\u011frenciler ve il\u00e7e halk\u0131 t\u00f6rene kat\u0131ld\u0131. <\/p>\n<p>Anma T\u00f6reninin Amac\u0131<\/p>\n<p>Bu \u00f6zel g\u00fcnde Atat\u00fcrk&#8217;\u00fc sayg\u0131 ve \u00f6zlemle anmak amac\u0131yla d\u00fczenlenen \u00e7elenk sunma t\u00f6reni, kat\u0131l\u0131mc\u0131lar i\u00e7in anlaml\u0131 bir bulu\u015fma oldu. <\/p>\n<p>Anma etkinlikleri, Gazi Mustafa Kemal Atat\u00fcrk&#8217;\u00fcn T\u00fcrk milletine kazand\u0131rd\u0131\u011f\u0131 de\u011ferleri bir kez daha hat\u0131rlatmay\u0131 hedefliyor.<\/p>\n","protected":false},"excerpt":{"rendered":"<p>Gazi Mustafa Kemal Atat\u00fcrk, ebediyete intikalinin 86. y\u0131ld\u00f6n\u00fcm\u00fcnde an\u0131ld\u0131. T\u00f6renin Ger\u00e7ekle\u015fti\u011fi Yer T\u00f6ren, il\u00e7emiz meydan\u0131nda ger\u00e7ekle\u015ftirildi. D\u00fczenleyenler ve Kat\u0131l\u0131mc\u0131lar \u0130l\u00e7e Kaymakam\u0131 Zeynep Demir, Belediye Ba\u015fkan\u0131 Orhan Gaga, \u0130l\u00e7e Milli E\u011fitim M\u00fcd\u00fcr\u00fc \u0130brahim \u00c7ak\u0131r, \u015fube m\u00fcd\u00fcrleri, kurum amirleri, \u00f6\u011fretmenler, \u00f6\u011frenciler ve&#8230;<\/p>\n","protected":false},"author":1,"featured_media":14746,"comment_status":"closed","ping_status":"closed","sticky":false,"template":"","format":"standard","meta":{"footnotes":""},"categories":[27],"tags":[],"class_list":["post-14745","post","type-post","status-publish","format-standard","has-post-thumbnail","hentry","category-egitim"],"_links":{"self":[{"href":"http:\/\/gazetevizyon.com\/index.php?rest_route=\/wp\/v2\/posts\/14745","targetHints":{"allow":["GET"]}}],"collection":[{"href":"http:\/\/gazetevizyon.com\/index.php?rest_route=\/wp\/v2\/posts"}],"about":[{"href":"http:\/\/gazetevizyon.com\/index.php?rest_route=\/wp\/v2\/types\/post"}],"author":[{"embeddable":true,"href":"http:\/\/gazetevizyon.com\/index.php?rest_route=\/wp\/v2\/users\/1"}],"replies":[{"embeddable":true,"href":"http:\/\/gazetevizyon.com\/index.php?rest_route=%2Fwp%2Fv2%2Fcomments&post=14745"}],"version-history":[{"count":0,"href":"http:\/\/gazetevizyon.com\/index.php?rest_route=\/wp\/v2\/posts\/14745\/revisions"}],"wp:featuredmedia":[{"embeddable":true,"href":"http:\/\/gazetevizyon.com\/index.php?rest_route=\/wp\/v2\/media\/14746"}],"wp:attachment":[{"href":"http:\/\/gazetevizyon.com\/index.php?rest_route=%2Fwp%2Fv2%2Fmedia&parent=14745"}],"wp:term":[{"taxonomy":"category","embeddable":true,"href":"http:\/\/gazetevizyon.com\/index.php?rest_route=%2Fwp%2Fv2%2Fcategories&post=14745"},{"taxonomy":"post_tag","embeddable":true,"href":"http:\/\/gazetevizyon.com\/index.php?rest_route=%2Fwp%2Fv2%2Ftags&post=14745"}],"curies":[{"name":"wp","href":"https:\/\/api.w.org\/{rel}","templated":true}]}}