{"id":14793,"date":"2024-11-13T11:56:40","date_gmt":"2024-11-13T11:56:40","guid":{"rendered":"http:\/\/gazetevizyon.com\/?p=14793"},"modified":"2024-11-13T11:56:40","modified_gmt":"2024-11-13T11:56:40","slug":"ivrindide-agaclandirma-faaliyeti-gerceklestirildi","status":"publish","type":"post","link":"http:\/\/gazetevizyon.com\/?p=14793","title":{"rendered":"\u0130vrindi&#8217;de A\u011fa\u00e7land\u0131rma Faaliyeti Ger\u00e7ekle\u015ftirildi"},"content":{"rendered":"<p>\u0130vrindi&#8217;de 11 Kas\u0131m Milli A\u011fa\u00e7land\u0131rma G\u00fcn\u00fc dolay\u0131s\u0131yla a\u011fa\u00e7land\u0131rma \u00e7al\u0131\u015fmalar\u0131 yap\u0131ld\u0131. Etkinlik, g\u00f6n\u00fcll\u00fc gen\u00e7lerin kat\u0131l\u0131m\u0131yla ger\u00e7ekle\u015ftirildi.<\/p>\n<p>G\u00f6n\u00fcll\u00fc gen\u00e7ler ve \u0130vrindi Gen\u00e7lik Merkezi M\u00fcd\u00fcr\u00fc P\u0131nar Aksoy&#8217;un katk\u0131lar\u0131yla ger\u00e7ekle\u015ftirilen etkinlikte, toprakla bulu\u015facak yeni fideler a\u011fa\u00e7land\u0131rma alan\u0131na dikildi. &#8220;Bir dikili a\u011fac\u0131n olsun&#8221; mottosuyla d\u00fczenlenen bu etkinlik, yerel halk\u0131n do\u011faya kar\u015f\u0131 olan duyarl\u0131l\u0131\u011f\u0131n\u0131 art\u0131rmay\u0131 ama\u00e7l\u0131yor.<\/p>\n<p>2913 say\u0131l\u0131 Orman Kanunu kapsam\u0131ndaki bu etkinlik, gelecek nesillere daha ye\u015fil bir \u00e7evre b\u0131rakma hedefini destekliyor ve gen\u00e7lerin do\u011fa bilincinin geli\u015ftirilmesine katk\u0131da bulunuyor.<\/p>\n","protected":false},"excerpt":{"rendered":"<p>\u0130vrindi&#8217;de 11 Kas\u0131m Milli A\u011fa\u00e7land\u0131rma G\u00fcn\u00fc dolay\u0131s\u0131yla a\u011fa\u00e7land\u0131rma \u00e7al\u0131\u015fmalar\u0131 yap\u0131ld\u0131. Etkinlik, g\u00f6n\u00fcll\u00fc gen\u00e7lerin kat\u0131l\u0131m\u0131yla ger\u00e7ekle\u015ftirildi. G\u00f6n\u00fcll\u00fc gen\u00e7ler ve \u0130vrindi Gen\u00e7lik Merkezi M\u00fcd\u00fcr\u00fc P\u0131nar Aksoy&#8217;un katk\u0131lar\u0131yla ger\u00e7ekle\u015ftirilen etkinlikte, toprakla bulu\u015facak yeni fideler a\u011fa\u00e7land\u0131rma alan\u0131na dikildi. &#8220;Bir dikili a\u011fac\u0131n olsun&#8221; mottosuyla d\u00fczenlenen&#8230;<\/p>\n","protected":false},"author":1,"featured_media":14794,"comment_status":"closed","ping_status":"closed","sticky":false,"template":"","format":"standard","meta":{"footnotes":""},"categories":[27],"tags":[],"class_list":["post-14793","post","type-post","status-publish","format-standard","has-post-thumbnail","hentry","category-egitim"],"_links":{"self":[{"href":"http:\/\/gazetevizyon.com\/index.php?rest_route=\/wp\/v2\/posts\/14793","targetHints":{"allow":["GET"]}}],"collection":[{"href":"http:\/\/gazetevizyon.com\/index.php?rest_route=\/wp\/v2\/posts"}],"about":[{"href":"http:\/\/gazetevizyon.com\/index.php?rest_route=\/wp\/v2\/types\/post"}],"author":[{"embeddable":true,"href":"http:\/\/gazetevizyon.com\/index.php?rest_route=\/wp\/v2\/users\/1"}],"replies":[{"embeddable":true,"href":"http:\/\/gazetevizyon.com\/index.php?rest_route=%2Fwp%2Fv2%2Fcomments&post=14793"}],"version-history":[{"count":0,"href":"http:\/\/gazetevizyon.com\/index.php?rest_route=\/wp\/v2\/posts\/14793\/revisions"}],"wp:featuredmedia":[{"embeddable":true,"href":"http:\/\/gazetevizyon.com\/index.php?rest_route=\/wp\/v2\/media\/14794"}],"wp:attachment":[{"href":"http:\/\/gazetevizyon.com\/index.php?rest_route=%2Fwp%2Fv2%2Fmedia&parent=14793"}],"wp:term":[{"taxonomy":"category","embeddable":true,"href":"http:\/\/gazetevizyon.com\/index.php?rest_route=%2Fwp%2Fv2%2Fcategories&post=14793"},{"taxonomy":"post_tag","embeddable":true,"href":"http:\/\/gazetevizyon.com\/index.php?rest_route=%2Fwp%2Fv2%2Ftags&post=14793"}],"curies":[{"name":"wp","href":"https:\/\/api.w.org\/{rel}","templated":true}]}}