{"id":15071,"date":"2024-11-21T09:13:57","date_gmt":"2024-11-21T09:13:57","guid":{"rendered":"http:\/\/gazetevizyon.com\/?p=15071"},"modified":"2024-11-21T09:13:57","modified_gmt":"2024-11-21T09:13:57","slug":"dunya-cocuk-haklari-gununde-cocuklarin-gelecegi-icin-bir-aradayiz","status":"publish","type":"post","link":"http:\/\/gazetevizyon.com\/?p=15071","title":{"rendered":"D\u00fcnya \u00c7ocuk Haklar\u0131 G\u00fcn\u00fc&#8217;nde \u00c7ocuklar\u0131n Gelece\u011fi \u0130\u00e7in Bir Araday\u0131z"},"content":{"rendered":"<p>Gelece\u011fimizin teminat\u0131 olan \u00e7ocuklar, D\u00fcnya \u00c7ocuk Haklar\u0131 G\u00fcn\u00fc&#8217;n\u00fc co\u015fkuyla kutluyor. Bu \u00f6zel g\u00fcn, t\u00fcm \u00e7ocuklar\u0131n haklar\u0131na dikkat \u00e7ekmek ve ya\u015fam standartlar\u0131n\u0131 iyile\u015ftirmek amac\u0131yla bir araya gelinmi\u015ftir.<\/p>\n<p>D\u00fcnya \u00c7ocuk Haklar\u0131 G\u00fcn\u00fc, her y\u0131l 20 Kas\u0131m tarihinde \u00e7e\u015fitli etkinliklerle an\u0131l\u0131yor. Bu \u00f6zel g\u00fcn, \u00e7ocuklar\u0131n geli\u015fimlerini desteklemek, haklar\u0131n\u0131 savunmak ve toplumda fark\u0131ndal\u0131k yaratmak i\u00e7in b\u00fcy\u00fck bir \u00f6nem ta\u015f\u0131maktad\u0131r.<\/p>\n<p>G\u00fcn boyunca d\u00fczenlenen etkinlikler, \u00e7ocuklar\u0131n g\u00fcl\u00fcmsemesini ve mutlu bir gelece\u011fe sahip olmalar\u0131n\u0131 hedeflemektedir. T\u00fcm bireylerin, \u00e7ocuklar\u0131n haklar\u0131na sayg\u0131 g\u00f6stermesi ve onlar\u0131 desteklemesi gerekti\u011fi vurgulanmaktad\u0131r. \u00c7\u00fcnk\u00fc unutulmamal\u0131d\u0131r ki, \u00e7ocuklar g\u00fclerse d\u00fcnya g\u00fcler.<\/p>\n","protected":false},"excerpt":{"rendered":"<p>Gelece\u011fimizin teminat\u0131 olan \u00e7ocuklar, D\u00fcnya \u00c7ocuk Haklar\u0131 G\u00fcn\u00fc&#8217;n\u00fc co\u015fkuyla kutluyor. Bu \u00f6zel g\u00fcn, t\u00fcm \u00e7ocuklar\u0131n haklar\u0131na dikkat \u00e7ekmek ve ya\u015fam standartlar\u0131n\u0131 iyile\u015ftirmek amac\u0131yla bir araya gelinmi\u015ftir. D\u00fcnya \u00c7ocuk Haklar\u0131 G\u00fcn\u00fc, her y\u0131l 20 Kas\u0131m tarihinde \u00e7e\u015fitli etkinliklerle an\u0131l\u0131yor. Bu \u00f6zel&#8230;<\/p>\n","protected":false},"author":1,"featured_media":15072,"comment_status":"closed","ping_status":"closed","sticky":false,"template":"","format":"standard","meta":{"footnotes":""},"categories":[25],"tags":[],"class_list":["post-15071","post","type-post","status-publish","format-standard","has-post-thumbnail","hentry","category-spor"],"_links":{"self":[{"href":"http:\/\/gazetevizyon.com\/index.php?rest_route=\/wp\/v2\/posts\/15071","targetHints":{"allow":["GET"]}}],"collection":[{"href":"http:\/\/gazetevizyon.com\/index.php?rest_route=\/wp\/v2\/posts"}],"about":[{"href":"http:\/\/gazetevizyon.com\/index.php?rest_route=\/wp\/v2\/types\/post"}],"author":[{"embeddable":true,"href":"http:\/\/gazetevizyon.com\/index.php?rest_route=\/wp\/v2\/users\/1"}],"replies":[{"embeddable":true,"href":"http:\/\/gazetevizyon.com\/index.php?rest_route=%2Fwp%2Fv2%2Fcomments&post=15071"}],"version-history":[{"count":0,"href":"http:\/\/gazetevizyon.com\/index.php?rest_route=\/wp\/v2\/posts\/15071\/revisions"}],"wp:featuredmedia":[{"embeddable":true,"href":"http:\/\/gazetevizyon.com\/index.php?rest_route=\/wp\/v2\/media\/15072"}],"wp:attachment":[{"href":"http:\/\/gazetevizyon.com\/index.php?rest_route=%2Fwp%2Fv2%2Fmedia&parent=15071"}],"wp:term":[{"taxonomy":"category","embeddable":true,"href":"http:\/\/gazetevizyon.com\/index.php?rest_route=%2Fwp%2Fv2%2Fcategories&post=15071"},{"taxonomy":"post_tag","embeddable":true,"href":"http:\/\/gazetevizyon.com\/index.php?rest_route=%2Fwp%2Fv2%2Ftags&post=15071"}],"curies":[{"name":"wp","href":"https:\/\/api.w.org\/{rel}","templated":true}]}}