{"id":15085,"date":"2024-11-21T09:49:38","date_gmt":"2024-11-21T09:49:38","guid":{"rendered":"http:\/\/gazetevizyon.com\/?p=15085"},"modified":"2024-11-21T09:49:38","modified_gmt":"2024-11-21T09:49:38","slug":"balikesirin-tarimsal-yayim-projesi-kapanis-programi-gerceklestirildi","status":"publish","type":"post","link":"http:\/\/gazetevizyon.com\/?p=15085","title":{"rendered":"Bal\u0131kesir\u2019in Tar\u0131msal Yay\u0131m Projesi Kapan\u0131\u015f Program\u0131 Ger\u00e7ekle\u015ftirildi"},"content":{"rendered":"<p>Bal\u0131kesir\u2019de y\u00fcr\u00fct\u00fclen &#8220;Bal\u0131kesir&#8217;den Sofralar\u0131m\u0131za Kaymak Projesi&#8221; adl\u0131 tar\u0131msal yay\u0131m projesinin kapan\u0131\u015f program\u0131 d\u00fczenlendi. Bu \u00f6nemli etkinlik, 30 Ekim 2023 tarihinde ger\u00e7ekle\u015ftirildi.<\/p>\n<p>Projenin kapan\u0131\u015f program\u0131na, Bal\u0131kesir \u0130l Tar\u0131m ve Orman M\u00fcd\u00fcrl\u00fc\u011f\u00fc ile koordineli olarak y\u00fcr\u00fct\u00fclen bu projeye destek veren bir\u00e7ok isim kat\u0131ld\u0131. Vali Yard\u0131mc\u0131s\u0131 Yusuf \u0130zzet Karaman ve Alt\u0131eyl\u00fcl Kaymakam\u0131 Turgay Hakan Bilgin de programa i\u015ftirak eden \u00f6ne \u00e7\u0131kan isimler aras\u0131nda yer ald\u0131.<\/p>\n<p>Bal\u0131kesir&#8217;den Sofralar\u0131m\u0131za Kaymak Projesi, yerel \u00fcreticilerin kaymak \u00fcretimini art\u0131rmak ve bu alandaki fark\u0131ndal\u0131\u011f\u0131 art\u0131rmak amac\u0131yla bir y\u0131l s\u00fcreyle y\u00fcr\u00fct\u00fcld\u00fc. Proje, yerel ekonominin g\u00fc\u00e7lenmesi ve t\u00fcketicilere kaliteli kaymak ula\u015ft\u0131r\u0131lmas\u0131 a\u00e7\u0131s\u0131ndan \u00f6nemli bir katk\u0131 sa\u011flad\u0131.<\/p>\n<p>Kapan\u0131\u015f program\u0131, projenin ba\u015far\u0131yla tamamland\u0131\u011f\u0131n\u0131 ve elde edilen sonu\u00e7lar\u0131n de\u011ferlendirilece\u011fini g\u00f6steriyor. Kat\u0131l\u0131mc\u0131lar, projenin yerel tar\u0131ma ve ekonomiye olan katk\u0131lar\u0131 hakk\u0131nda bilgi payla\u015f\u0131m\u0131nda bulundu. Bu t\u00fcr projelerin, yerel \u00fcreticileri desteklemenin yan\u0131 s\u0131ra t\u00fcketicilere de kaliteli \u00fcr\u00fcnler sunma amac\u0131 ta\u015f\u0131d\u0131\u011f\u0131 vurguland\u0131. Projenin tamamlanmas\u0131yla birlikte, Bal\u0131kesir\u2019de tar\u0131msal \u00fcretimin geli\u015fimine y\u00f6nelik \u00f6nemli ad\u0131mlar at\u0131lm\u0131\u015f oldu.<\/p>\n","protected":false},"excerpt":{"rendered":"<p>Bal\u0131kesir\u2019de y\u00fcr\u00fct\u00fclen &#8220;Bal\u0131kesir&#8217;den Sofralar\u0131m\u0131za Kaymak Projesi&#8221; adl\u0131 tar\u0131msal yay\u0131m projesinin kapan\u0131\u015f program\u0131 d\u00fczenlendi. Bu \u00f6nemli etkinlik, 30 Ekim 2023 tarihinde ger\u00e7ekle\u015ftirildi. Projenin kapan\u0131\u015f program\u0131na, Bal\u0131kesir \u0130l Tar\u0131m ve Orman M\u00fcd\u00fcrl\u00fc\u011f\u00fc ile koordineli olarak y\u00fcr\u00fct\u00fclen bu projeye destek veren bir\u00e7ok isim&#8230;<\/p>\n","protected":false},"author":1,"featured_media":15086,"comment_status":"closed","ping_status":"closed","sticky":false,"template":"","format":"standard","meta":{"footnotes":""},"categories":[1],"tags":[],"class_list":["post-15085","post","type-post","status-publish","format-standard","has-post-thumbnail","hentry","category-genel"],"_links":{"self":[{"href":"http:\/\/gazetevizyon.com\/index.php?rest_route=\/wp\/v2\/posts\/15085","targetHints":{"allow":["GET"]}}],"collection":[{"href":"http:\/\/gazetevizyon.com\/index.php?rest_route=\/wp\/v2\/posts"}],"about":[{"href":"http:\/\/gazetevizyon.com\/index.php?rest_route=\/wp\/v2\/types\/post"}],"author":[{"embeddable":true,"href":"http:\/\/gazetevizyon.com\/index.php?rest_route=\/wp\/v2\/users\/1"}],"replies":[{"embeddable":true,"href":"http:\/\/gazetevizyon.com\/index.php?rest_route=%2Fwp%2Fv2%2Fcomments&post=15085"}],"version-history":[{"count":0,"href":"http:\/\/gazetevizyon.com\/index.php?rest_route=\/wp\/v2\/posts\/15085\/revisions"}],"wp:featuredmedia":[{"embeddable":true,"href":"http:\/\/gazetevizyon.com\/index.php?rest_route=\/wp\/v2\/media\/15086"}],"wp:attachment":[{"href":"http:\/\/gazetevizyon.com\/index.php?rest_route=%2Fwp%2Fv2%2Fmedia&parent=15085"}],"wp:term":[{"taxonomy":"category","embeddable":true,"href":"http:\/\/gazetevizyon.com\/index.php?rest_route=%2Fwp%2Fv2%2Fcategories&post=15085"},{"taxonomy":"post_tag","embeddable":true,"href":"http:\/\/gazetevizyon.com\/index.php?rest_route=%2Fwp%2Fv2%2Ftags&post=15085"}],"curies":[{"name":"wp","href":"https:\/\/api.w.org\/{rel}","templated":true}]}}