{"id":15161,"date":"2024-11-22T03:50:31","date_gmt":"2024-11-22T03:50:31","guid":{"rendered":"http:\/\/gazetevizyon.com\/?p=15161"},"modified":"2024-11-22T03:50:31","modified_gmt":"2024-11-22T03:50:31","slug":"balikesir-il-milli-egitim-mudurlugu-ogretmenler-gunu-icin-kutlama-mesaji-yayimladi","status":"publish","type":"post","link":"http:\/\/gazetevizyon.com\/?p=15161","title":{"rendered":"Bal\u0131kesir \u0130l Milli E\u011fitim M\u00fcd\u00fcrl\u00fc\u011f\u00fc \u00d6\u011fretmenler G\u00fcn\u00fc i\u00e7in Kutlama Mesaj\u0131 Yay\u0131mlad\u0131"},"content":{"rendered":"<p>Bal\u0131kesir \u0130l Milli E\u011fitim M\u00fcd\u00fcrl\u00fc\u011f\u00fc, 24 Kas\u0131m \u00d6\u011fretmenler G\u00fcn\u00fc dolay\u0131s\u0131yla \u00f6\u011fretmenlere y\u00f6nelik bir kutlama mesaj\u0131 yay\u0131mlad\u0131. Mesajda, &#8220;K\u00f6klerimizden ald\u0131\u011f\u0131m\u0131z g\u00fc\u00e7le gelece\u011fe \u0131\u015f\u0131k tutan de\u011ferli e\u011fitimcilerimizin \u00d6\u011fretmenler G\u00fcn\u00fcn\u00fc en i\u00e7ten dileklerimizle kutluyoruz.&#8221; ifadeleri kullan\u0131ld\u0131. E\u011fitim camias\u0131n\u0131n \u00f6nemine dikkat \u00e7ekilen mesajda, \u00f6\u011fretmenlerin her g\u00fcn yeni nesillerin hayatlar\u0131na dokunarak onlar\u0131 gelece\u011fe haz\u0131rlad\u0131\u011f\u0131 vurguland\u0131.<\/p>\n<p>Mesajda, \u00f6\u011fretmenlerin emekleri ve fedakarl\u0131klar\u0131 i\u00e7in sonsuz te\u015fekk\u00fcrler ifade edildi. &#8220;I\u015f\u0131\u011f\u0131n\u0131zla nice nesiller ayd\u0131nlans\u0131n&#8221; denilerek, \u00f6\u011fretmenlerin topluma katt\u0131\u011f\u0131 de\u011fer yine vurguland\u0131. Bu anlaml\u0131 kutlama ile Bal\u0131kesir \u0130l Milli E\u011fitim M\u00fcd\u00fcrl\u00fc\u011f\u00fc, \u00f6\u011fretmenlerin toplumdaki yerini ve \u00f6nemini bir kez daha hat\u0131rlatm\u0131\u015f oldu.<\/p>\n","protected":false},"excerpt":{"rendered":"<p>Bal\u0131kesir \u0130l Milli E\u011fitim M\u00fcd\u00fcrl\u00fc\u011f\u00fc, 24 Kas\u0131m \u00d6\u011fretmenler G\u00fcn\u00fc dolay\u0131s\u0131yla \u00f6\u011fretmenlere y\u00f6nelik bir kutlama mesaj\u0131 yay\u0131mlad\u0131. Mesajda, &#8220;K\u00f6klerimizden ald\u0131\u011f\u0131m\u0131z g\u00fc\u00e7le gelece\u011fe \u0131\u015f\u0131k tutan de\u011ferli e\u011fitimcilerimizin \u00d6\u011fretmenler G\u00fcn\u00fcn\u00fc en i\u00e7ten dileklerimizle kutluyoruz.&#8221; ifadeleri kullan\u0131ld\u0131. E\u011fitim camias\u0131n\u0131n \u00f6nemine dikkat \u00e7ekilen mesajda, \u00f6\u011fretmenlerin&#8230;<\/p>\n","protected":false},"author":1,"featured_media":15162,"comment_status":"closed","ping_status":"closed","sticky":false,"template":"","format":"standard","meta":{"footnotes":""},"categories":[27],"tags":[],"class_list":["post-15161","post","type-post","status-publish","format-standard","has-post-thumbnail","hentry","category-egitim"],"_links":{"self":[{"href":"http:\/\/gazetevizyon.com\/index.php?rest_route=\/wp\/v2\/posts\/15161","targetHints":{"allow":["GET"]}}],"collection":[{"href":"http:\/\/gazetevizyon.com\/index.php?rest_route=\/wp\/v2\/posts"}],"about":[{"href":"http:\/\/gazetevizyon.com\/index.php?rest_route=\/wp\/v2\/types\/post"}],"author":[{"embeddable":true,"href":"http:\/\/gazetevizyon.com\/index.php?rest_route=\/wp\/v2\/users\/1"}],"replies":[{"embeddable":true,"href":"http:\/\/gazetevizyon.com\/index.php?rest_route=%2Fwp%2Fv2%2Fcomments&post=15161"}],"version-history":[{"count":0,"href":"http:\/\/gazetevizyon.com\/index.php?rest_route=\/wp\/v2\/posts\/15161\/revisions"}],"wp:featuredmedia":[{"embeddable":true,"href":"http:\/\/gazetevizyon.com\/index.php?rest_route=\/wp\/v2\/media\/15162"}],"wp:attachment":[{"href":"http:\/\/gazetevizyon.com\/index.php?rest_route=%2Fwp%2Fv2%2Fmedia&parent=15161"}],"wp:term":[{"taxonomy":"category","embeddable":true,"href":"http:\/\/gazetevizyon.com\/index.php?rest_route=%2Fwp%2Fv2%2Fcategories&post=15161"},{"taxonomy":"post_tag","embeddable":true,"href":"http:\/\/gazetevizyon.com\/index.php?rest_route=%2Fwp%2Fv2%2Ftags&post=15161"}],"curies":[{"name":"wp","href":"https:\/\/api.w.org\/{rel}","templated":true}]}}