{"id":15209,"date":"2024-11-22T06:45:38","date_gmt":"2024-11-22T06:45:38","guid":{"rendered":"http:\/\/gazetevizyon.com\/?p=15209"},"modified":"2024-11-22T06:45:38","modified_gmt":"2024-11-22T06:45:38","slug":"edremit-yozgatlilar-dayanisma-ve-kultur-dernegi-edremit-halk-egitimi-merkezini-ziyaret-etti","status":"publish","type":"post","link":"http:\/\/gazetevizyon.com\/?p=15209","title":{"rendered":"Edremit Yozgatl\u0131lar Dayan\u0131\u015fma ve K\u00fclt\u00fcr Derne\u011fi Edremit Halk E\u011fitimi Merkezi&#8217;ni Ziyaret Etti"},"content":{"rendered":"<p>Edremit Yozgatl\u0131lar Dayan\u0131\u015fma ve K\u00fclt\u00fcr Derne\u011fi, Edremit Halk E\u011fitimi Merkezi&#8217;ni ziyaret etti. Dernek Ba\u015fkan\u0131 Ercan Bey ve y\u00f6netim kurulu \u00fcyeleri, ger\u00e7ekle\u015ftirdikleri ziyarette ortak projeler \u00fczerinde g\u00f6r\u00fc\u015f al\u0131\u015fveri\u015finde bulundular. <\/p>\n<p>Ziyaretin amac\u0131n\u0131n, iki kurum aras\u0131nda i\u015fbirli\u011fini art\u0131rmak ve yap\u0131labilecek \u00e7al\u0131\u015fmalar hakk\u0131nda fikir al\u0131\u015fveri\u015finde bulunmak oldu\u011fu ifade edildi. Edremit Halk E\u011fitimi Merkezi, dernek \u00fcyelerine ziyaretlerinden dolay\u0131 te\u015fekk\u00fcrlerini iletti ve i\u015fbirli\u011finin devam edece\u011fini belirtti. <\/p>\n<p>Derne\u011fin, b\u00f6lgedeki sosyal ve k\u00fclt\u00fcrel faaliyetlere katk\u0131 sa\u011flama konusundaki kararl\u0131l\u0131\u011f\u0131, yap\u0131lan bu g\u00f6r\u00fc\u015fmenin arka plan\u0131nda yer al\u0131yor. Edremit Halk E\u011fitimi Merkezi de her zaman topluma destek olma amac\u0131 ta\u015f\u0131d\u0131\u011f\u0131n\u0131 vurgulad\u0131.<\/p>\n","protected":false},"excerpt":{"rendered":"<p>Edremit Yozgatl\u0131lar Dayan\u0131\u015fma ve K\u00fclt\u00fcr Derne\u011fi, Edremit Halk E\u011fitimi Merkezi&#8217;ni ziyaret etti. Dernek Ba\u015fkan\u0131 Ercan Bey ve y\u00f6netim kurulu \u00fcyeleri, ger\u00e7ekle\u015ftirdikleri ziyarette ortak projeler \u00fczerinde g\u00f6r\u00fc\u015f al\u0131\u015fveri\u015finde bulundular. Ziyaretin amac\u0131n\u0131n, iki kurum aras\u0131nda i\u015fbirli\u011fini art\u0131rmak ve yap\u0131labilecek \u00e7al\u0131\u015fmalar hakk\u0131nda fikir&#8230;<\/p>\n","protected":false},"author":1,"featured_media":15210,"comment_status":"closed","ping_status":"closed","sticky":false,"template":"","format":"standard","meta":{"footnotes":""},"categories":[27],"tags":[],"class_list":["post-15209","post","type-post","status-publish","format-standard","has-post-thumbnail","hentry","category-egitim"],"_links":{"self":[{"href":"http:\/\/gazetevizyon.com\/index.php?rest_route=\/wp\/v2\/posts\/15209","targetHints":{"allow":["GET"]}}],"collection":[{"href":"http:\/\/gazetevizyon.com\/index.php?rest_route=\/wp\/v2\/posts"}],"about":[{"href":"http:\/\/gazetevizyon.com\/index.php?rest_route=\/wp\/v2\/types\/post"}],"author":[{"embeddable":true,"href":"http:\/\/gazetevizyon.com\/index.php?rest_route=\/wp\/v2\/users\/1"}],"replies":[{"embeddable":true,"href":"http:\/\/gazetevizyon.com\/index.php?rest_route=%2Fwp%2Fv2%2Fcomments&post=15209"}],"version-history":[{"count":0,"href":"http:\/\/gazetevizyon.com\/index.php?rest_route=\/wp\/v2\/posts\/15209\/revisions"}],"wp:featuredmedia":[{"embeddable":true,"href":"http:\/\/gazetevizyon.com\/index.php?rest_route=\/wp\/v2\/media\/15210"}],"wp:attachment":[{"href":"http:\/\/gazetevizyon.com\/index.php?rest_route=%2Fwp%2Fv2%2Fmedia&parent=15209"}],"wp:term":[{"taxonomy":"category","embeddable":true,"href":"http:\/\/gazetevizyon.com\/index.php?rest_route=%2Fwp%2Fv2%2Fcategories&post=15209"},{"taxonomy":"post_tag","embeddable":true,"href":"http:\/\/gazetevizyon.com\/index.php?rest_route=%2Fwp%2Fv2%2Ftags&post=15209"}],"curies":[{"name":"wp","href":"https:\/\/api.w.org\/{rel}","templated":true}]}}