{"id":15273,"date":"2024-11-23T00:31:25","date_gmt":"2024-11-23T00:31:25","guid":{"rendered":"http:\/\/gazetevizyon.com\/?p=15273"},"modified":"2024-11-23T00:31:25","modified_gmt":"2024-11-23T00:31:25","slug":"emekli-askerlere-destek-bulusmasi","status":"publish","type":"post","link":"http:\/\/gazetevizyon.com\/?p=15273","title":{"rendered":"Emekli Askerlere Destek Bulu\u015fmas\u0131"},"content":{"rendered":"<p>Ge\u00e7ti\u011fimiz g\u00fcnlerde emekli askerler ve vatanda\u015flar i\u00e7in d\u00fczenlenen destek bulu\u015fmas\u0131na kat\u0131l\u0131m yo\u011fun oldu. Etkinli\u011fe, Genel Ba\u015fkan Yard\u0131mc\u0131s\u0131 Yank\u0131 Ba\u011fc\u0131o\u011flu, Milletvekili \u00d6zg\u00fcr Ceylan ve ADD Ba\u015fkan\u0131 H\u00fcsn\u00fc Bozkurt&#8217;un yan\u0131 s\u0131ra partililer de kat\u0131ld\u0131.<\/p>\n<p>An\u0131tkabir Ziyareti<\/p>\n<p>Bulu\u015fman\u0131n ard\u0131ndan kat\u0131l\u0131mc\u0131lar, T\u00fcrkiye Cumhuriyeti&#8217;nin kurucusu Mustafa Kemal Atat\u00fcrk\u2019\u00fcn an\u0131t mezar\u0131n\u0131 ziyaret ederek sayg\u0131 duru\u015funda bulundu.<\/p>\n<p>Te\u011fmenlere Destek Mesaj\u0131<\/p>\n<p>Yap\u0131lan konu\u015fmalarda, ihra\u00e7 istemiyle yarg\u0131lanan te\u011fmenlerin taraf\u0131nda duru\u015f sergilenerek, &#8220;Te\u011fmenlerimiz bizim gururumuzdur&#8221; ifadeleri kullan\u0131ld\u0131. Genel Ba\u015fkan Yard\u0131mc\u0131s\u0131 Ba\u011fc\u0131o\u011flu, T\u00fcrkiye&#8217;nin gelece\u011fi i\u00e7in m\u00fccadele eden bu subaylar\u0131n asla yaln\u0131z olmad\u0131klar\u0131n\u0131 belirtti.<\/p>\n<p>Sosyal Medya Bask\u0131s\u0131 Ele\u015ftirisi<\/p>\n<p>Bulu\u015fmada, baz\u0131 ki\u015filerin te\u011fmenlere kar\u015f\u0131 olan tutumlar\u0131na da de\u011finildi. Bu y\u00f6nde yap\u0131lan a\u00e7\u0131klamalarda, sosyal medya \u00fczerinden gelen bask\u0131lara dayanamad\u0131klar\u0131 ele\u015ftirisi y\u00f6neltildi. Kat\u0131l\u0131mc\u0131lar, &#8220;\u00c7\u0131k\u0131n a\u00e7\u0131k\u00e7a s\u00f6yleyin, biz AKP\u2019li trollerin sosyal medya bask\u0131s\u0131na dayanamad\u0131k&#8221; mesaj\u0131n\u0131 verdi.<\/p>\n<p>Te\u011fmenlerin Onuru Unutulmad\u0131<\/p>\n<p>Bulu\u015fman\u0131n en \u00e7arp\u0131c\u0131 noktalar\u0131ndan biri, te\u011fmenlerin onurlar\u0131n\u0131 ya\u015fatan ve onlar\u0131n sesine kulak veren milyonlar\u0131n bulundu\u011funun vurguland\u0131. Kat\u0131l\u0131mc\u0131lar, &#8220;Bunu kimse unutmas\u0131n&#8221; diyerek te\u011fmenlere olan desteklerinin s\u00fcrece\u011fini ifade ettiler.<\/p>\n","protected":false},"excerpt":{"rendered":"<p>Ge\u00e7ti\u011fimiz g\u00fcnlerde emekli askerler ve vatanda\u015flar i\u00e7in d\u00fczenlenen destek bulu\u015fmas\u0131na kat\u0131l\u0131m yo\u011fun oldu. Etkinli\u011fe, Genel Ba\u015fkan Yard\u0131mc\u0131s\u0131 Yank\u0131 Ba\u011fc\u0131o\u011flu, Milletvekili \u00d6zg\u00fcr Ceylan ve ADD Ba\u015fkan\u0131 H\u00fcsn\u00fc Bozkurt&#8217;un yan\u0131 s\u0131ra partililer de kat\u0131ld\u0131. An\u0131tkabir Ziyareti Bulu\u015fman\u0131n ard\u0131ndan kat\u0131l\u0131mc\u0131lar, T\u00fcrkiye Cumhuriyeti&#8217;nin kurucusu&#8230;<\/p>\n","protected":false},"author":1,"featured_media":15274,"comment_status":"closed","ping_status":"closed","sticky":false,"template":"","format":"standard","meta":{"footnotes":""},"categories":[23],"tags":[],"class_list":["post-15273","post","type-post","status-publish","format-standard","has-post-thumbnail","hentry","category-siyaset"],"_links":{"self":[{"href":"http:\/\/gazetevizyon.com\/index.php?rest_route=\/wp\/v2\/posts\/15273","targetHints":{"allow":["GET"]}}],"collection":[{"href":"http:\/\/gazetevizyon.com\/index.php?rest_route=\/wp\/v2\/posts"}],"about":[{"href":"http:\/\/gazetevizyon.com\/index.php?rest_route=\/wp\/v2\/types\/post"}],"author":[{"embeddable":true,"href":"http:\/\/gazetevizyon.com\/index.php?rest_route=\/wp\/v2\/users\/1"}],"replies":[{"embeddable":true,"href":"http:\/\/gazetevizyon.com\/index.php?rest_route=%2Fwp%2Fv2%2Fcomments&post=15273"}],"version-history":[{"count":0,"href":"http:\/\/gazetevizyon.com\/index.php?rest_route=\/wp\/v2\/posts\/15273\/revisions"}],"wp:featuredmedia":[{"embeddable":true,"href":"http:\/\/gazetevizyon.com\/index.php?rest_route=\/wp\/v2\/media\/15274"}],"wp:attachment":[{"href":"http:\/\/gazetevizyon.com\/index.php?rest_route=%2Fwp%2Fv2%2Fmedia&parent=15273"}],"wp:term":[{"taxonomy":"category","embeddable":true,"href":"http:\/\/gazetevizyon.com\/index.php?rest_route=%2Fwp%2Fv2%2Fcategories&post=15273"},{"taxonomy":"post_tag","embeddable":true,"href":"http:\/\/gazetevizyon.com\/index.php?rest_route=%2Fwp%2Fv2%2Ftags&post=15273"}],"curies":[{"name":"wp","href":"https:\/\/api.w.org\/{rel}","templated":true}]}}