{"id":15319,"date":"2024-11-27T23:41:20","date_gmt":"2024-11-27T23:41:20","guid":{"rendered":"http:\/\/gazetevizyon.com\/?p=15319"},"modified":"2024-11-27T23:41:20","modified_gmt":"2024-11-27T23:41:20","slug":"balikesirde-kadinlara-yonelik-siddete-karsi-uluslararasi-mucadele-gunu-etkinligi","status":"publish","type":"post","link":"http:\/\/gazetevizyon.com\/?p=15319","title":{"rendered":"Bal\u0131kesir&#8217;de Kad\u0131nlara Y\u00f6nelik \u015eiddete Kar\u015f\u0131 Uluslararas\u0131 M\u00fccadele G\u00fcn\u00fc Etkinli\u011fi"},"content":{"rendered":"<p>Bal\u0131kesir&#8217;de Kad\u0131nlara Y\u00f6nelik \u015eiddete Kar\u015f\u0131 Uluslararas\u0131 M\u00fccadele G\u00fcn\u00fc etkinli\u011fi d\u00fczenlendi. Bu kapsamda Bal\u0131kesirli kad\u0131nlar bir araya gelerek, kad\u0131nlar\u0131n toplumda daha aktif, huzurlu ve g\u00fc\u00e7l\u00fc olmalar\u0131 i\u00e7in bir araya geldiler. Etkinlikte kad\u0131nlar\u0131n ekonomik, sosyal ve k\u00fclt\u00fcrel alanlarda daha fazla yer almas\u0131n\u0131n \u00f6nemi vurguland\u0131. Bal\u0131kesir Belediye Ba\u015fkan\u0131, kad\u0131nlar\u0131n bu konulardaki haklar\u0131n\u0131n ve ihtiya\u00e7lar\u0131n\u0131n g\u00f6z \u00f6n\u00fcnde bulundurulmas\u0131 gerekti\u011fini belirterek, belediye olarak bu y\u00f6nde \u00e7al\u0131\u015fmalar\u0131na devam edeceklerini ifade etti. Ba\u015fkan\u0131n mesaj\u0131, kad\u0131nlar\u0131n desteklenmesi ve g\u00fc\u00e7lenmesi gerekti\u011fi y\u00f6n\u00fcnde oldu. Yerel y\u00f6netimlerin bu s\u00fcre\u00e7teki rol\u00fcne dikkat \u00e7ekerek, kad\u0131nlar\u0131n toplumda daha aktif bir \u015fekilde yer almalar\u0131n\u0131n gereklili\u011fine i\u015faret etti.<\/p>\n","protected":false},"excerpt":{"rendered":"<p>Bal\u0131kesir&#8217;de Kad\u0131nlara Y\u00f6nelik \u015eiddete Kar\u015f\u0131 Uluslararas\u0131 M\u00fccadele G\u00fcn\u00fc etkinli\u011fi d\u00fczenlendi. Bu kapsamda Bal\u0131kesirli kad\u0131nlar bir araya gelerek, kad\u0131nlar\u0131n toplumda daha aktif, huzurlu ve g\u00fc\u00e7l\u00fc olmalar\u0131 i\u00e7in bir araya geldiler. Etkinlikte kad\u0131nlar\u0131n ekonomik, sosyal ve k\u00fclt\u00fcrel alanlarda daha fazla yer almas\u0131n\u0131n&#8230;<\/p>\n","protected":false},"author":1,"featured_media":15320,"comment_status":"closed","ping_status":"closed","sticky":false,"template":"","format":"standard","meta":{"footnotes":""},"categories":[23],"tags":[],"class_list":["post-15319","post","type-post","status-publish","format-standard","has-post-thumbnail","hentry","category-siyaset"],"_links":{"self":[{"href":"http:\/\/gazetevizyon.com\/index.php?rest_route=\/wp\/v2\/posts\/15319","targetHints":{"allow":["GET"]}}],"collection":[{"href":"http:\/\/gazetevizyon.com\/index.php?rest_route=\/wp\/v2\/posts"}],"about":[{"href":"http:\/\/gazetevizyon.com\/index.php?rest_route=\/wp\/v2\/types\/post"}],"author":[{"embeddable":true,"href":"http:\/\/gazetevizyon.com\/index.php?rest_route=\/wp\/v2\/users\/1"}],"replies":[{"embeddable":true,"href":"http:\/\/gazetevizyon.com\/index.php?rest_route=%2Fwp%2Fv2%2Fcomments&post=15319"}],"version-history":[{"count":0,"href":"http:\/\/gazetevizyon.com\/index.php?rest_route=\/wp\/v2\/posts\/15319\/revisions"}],"wp:featuredmedia":[{"embeddable":true,"href":"http:\/\/gazetevizyon.com\/index.php?rest_route=\/wp\/v2\/media\/15320"}],"wp:attachment":[{"href":"http:\/\/gazetevizyon.com\/index.php?rest_route=%2Fwp%2Fv2%2Fmedia&parent=15319"}],"wp:term":[{"taxonomy":"category","embeddable":true,"href":"http:\/\/gazetevizyon.com\/index.php?rest_route=%2Fwp%2Fv2%2Fcategories&post=15319"},{"taxonomy":"post_tag","embeddable":true,"href":"http:\/\/gazetevizyon.com\/index.php?rest_route=%2Fwp%2Fv2%2Ftags&post=15319"}],"curies":[{"name":"wp","href":"https:\/\/api.w.org\/{rel}","templated":true}]}}