{"id":15501,"date":"2024-11-29T09:50:54","date_gmt":"2024-11-29T09:50:54","guid":{"rendered":"http:\/\/gazetevizyon.com\/?p=15501"},"modified":"2024-11-29T09:50:54","modified_gmt":"2024-11-29T09:50:54","slug":"aile-egitim-bulteninin-kasim-ayi-sayisi-yayinlandi","status":"publish","type":"post","link":"http:\/\/gazetevizyon.com\/?p=15501","title":{"rendered":"Aile E\u011fitim B\u00fclteni&#8217;nin Kas\u0131m Ay\u0131 Say\u0131s\u0131 Yay\u0131nland\u0131"},"content":{"rendered":"<p>Okul \u00f6ncesi e\u011fitim g\u00f6ren \u00e7ocuklar\u0131n ailelerine y\u00f6nelik geli\u015ftirilen Aile E\u011fitim B\u00fclteni&#8217;nin Kas\u0131m say\u0131s\u0131 yay\u0131mland\u0131. Bu b\u00fcltende, aileler i\u00e7in e\u011fitimde okul-aile i\u015f birli\u011fine dair \u00f6nemli bilgiler yer ald\u0131.<\/p>\n<p>E\u011fitim s\u00fcrecinde ailelerin etkin kat\u0131l\u0131m\u0131n\u0131 sa\u011flamak ve \u00e7ocuklar\u0131n e\u011fitim s\u00fcre\u00e7lerini desteklemek amac\u0131yla haz\u0131rlanan b\u00fclten, ebeveynlerin g\u00f6revleri ve bu s\u00fcre\u00e7te nas\u0131l daha aktif rol alabilecekleri hakk\u0131nda rehberlik sunmaktad\u0131r. Ailelerin e\u011fitimle ilgili do\u011fru bilgilendirilmesi hedeflenirken, \u00e7ocuklar\u0131n geli\u015fimlerine katk\u0131 sa\u011flamak i\u00e7in gerekli olan i\u015f birli\u011finin \u00f6nemi vurgulanmaktad\u0131r.<\/p>\n<p>Kas\u0131m ay\u0131 b\u00fclteni, ailelerin \u00e7ocuklar\u0131yla birlikte e\u011fitim s\u00fcre\u00e7lerinin bir par\u00e7as\u0131 olmalar\u0131n\u0131 te\u015fvik ederken, okul ve aile aras\u0131ndaki ileti\u015fimi g\u00fc\u00e7lendirme yollar\u0131n\u0131 da ele almaktad\u0131r. B\u00f6ylece, okul \u00f6ncesi e\u011fitimde daha etkili ve verimli bir ortam sa\u011flanmas\u0131 ama\u00e7lanmaktad\u0131r.<\/p>\n","protected":false},"excerpt":{"rendered":"<p>Okul \u00f6ncesi e\u011fitim g\u00f6ren \u00e7ocuklar\u0131n ailelerine y\u00f6nelik geli\u015ftirilen Aile E\u011fitim B\u00fclteni&#8217;nin Kas\u0131m say\u0131s\u0131 yay\u0131mland\u0131. Bu b\u00fcltende, aileler i\u00e7in e\u011fitimde okul-aile i\u015f birli\u011fine dair \u00f6nemli bilgiler yer ald\u0131. E\u011fitim s\u00fcrecinde ailelerin etkin kat\u0131l\u0131m\u0131n\u0131 sa\u011flamak ve \u00e7ocuklar\u0131n e\u011fitim s\u00fcre\u00e7lerini desteklemek amac\u0131yla haz\u0131rlanan&#8230;<\/p>\n","protected":false},"author":1,"featured_media":15502,"comment_status":"closed","ping_status":"closed","sticky":false,"template":"","format":"standard","meta":{"footnotes":""},"categories":[27],"tags":[],"class_list":["post-15501","post","type-post","status-publish","format-standard","has-post-thumbnail","hentry","category-egitim"],"_links":{"self":[{"href":"http:\/\/gazetevizyon.com\/index.php?rest_route=\/wp\/v2\/posts\/15501","targetHints":{"allow":["GET"]}}],"collection":[{"href":"http:\/\/gazetevizyon.com\/index.php?rest_route=\/wp\/v2\/posts"}],"about":[{"href":"http:\/\/gazetevizyon.com\/index.php?rest_route=\/wp\/v2\/types\/post"}],"author":[{"embeddable":true,"href":"http:\/\/gazetevizyon.com\/index.php?rest_route=\/wp\/v2\/users\/1"}],"replies":[{"embeddable":true,"href":"http:\/\/gazetevizyon.com\/index.php?rest_route=%2Fwp%2Fv2%2Fcomments&post=15501"}],"version-history":[{"count":0,"href":"http:\/\/gazetevizyon.com\/index.php?rest_route=\/wp\/v2\/posts\/15501\/revisions"}],"wp:featuredmedia":[{"embeddable":true,"href":"http:\/\/gazetevizyon.com\/index.php?rest_route=\/wp\/v2\/media\/15502"}],"wp:attachment":[{"href":"http:\/\/gazetevizyon.com\/index.php?rest_route=%2Fwp%2Fv2%2Fmedia&parent=15501"}],"wp:term":[{"taxonomy":"category","embeddable":true,"href":"http:\/\/gazetevizyon.com\/index.php?rest_route=%2Fwp%2Fv2%2Fcategories&post=15501"},{"taxonomy":"post_tag","embeddable":true,"href":"http:\/\/gazetevizyon.com\/index.php?rest_route=%2Fwp%2Fv2%2Ftags&post=15501"}],"curies":[{"name":"wp","href":"https:\/\/api.w.org\/{rel}","templated":true}]}}