{"id":15771,"date":"2024-12-03T04:43:02","date_gmt":"2024-12-03T04:43:02","guid":{"rendered":"http:\/\/gazetevizyon.com\/?p=15771"},"modified":"2024-12-03T04:43:02","modified_gmt":"2024-12-03T04:43:02","slug":"genc-ressamlarin-hayalleriyle-akilli-laboratuvarlar-renklenecek","status":"publish","type":"post","link":"http:\/\/gazetevizyon.com\/?p=15771","title":{"rendered":"Gen\u00e7 Ressamlar\u0131n Hayalleriyle Ak\u0131ll\u0131 Laboratuvarlar Renklenecek"},"content":{"rendered":"<p>Ak\u0131ll\u0131 Laboratuvarlar temal\u0131 bir resim yar\u0131\u015fmas\u0131 d\u00fczenleniyor. Bu yar\u0131\u015fma, gen\u00e7 sanat\u00e7\u0131lara bilim ve teknolojiyi sanatla bulu\u015fturma f\u0131rsat\u0131 sunuyor. \u0130lkokul ve ortaokul \u00f6\u011frencileri, belirledikleri teknik ile hayallerini ka\u011f\u0131da d\u00f6kerek yeteneklerini sergileyebilecek. <\/p>\n<p>Yar\u0131\u015fmaya kat\u0131lmak isteyen \u00f6\u011frencilerin, yar\u0131\u015ft\u0131rmaya g\u00f6nderecekleri eserleri belirlemeleri ve ba\u015fvuru yapmalar\u0131 gerekiyor. \u00c7ok \u00e7e\u015fitli tekniklerle ortaya konulacak bu eserler, ba\u015fvurular\u0131n ard\u0131ndan de\u011ferlendirilecek.<\/p>\n<p>Son ba\u015fvuru tarihi olarak 2 \u015eubat 2025 belirlendi. Gen\u00e7 ressamlar\u0131n bu \u00f6nemli f\u0131rsat\u0131 ka\u00e7\u0131rmamalar\u0131 i\u00e7in belirtilen tarihe kadar ba\u015fvurular\u0131n\u0131 yapmalar\u0131 \u00f6nem ta\u015f\u0131yor.<\/p>\n<p>Yar\u0131\u015fma ile ilgili detaylara ula\u015fmak ve ba\u015fvuru yapmak i\u00e7in <a href=\"https:\/\/bilimgenclik.tubitak.gov.tr\/makale\/akilli-laboratuvarlar-konusunda-resim-yarismasi-tcmebtubitakmuratdem23\">bu ba\u011flant\u0131<\/a> \u00fczerinden bilgi al\u0131nabilir.<\/p>\n","protected":false},"excerpt":{"rendered":"<p>Ak\u0131ll\u0131 Laboratuvarlar temal\u0131 bir resim yar\u0131\u015fmas\u0131 d\u00fczenleniyor. Bu yar\u0131\u015fma, gen\u00e7 sanat\u00e7\u0131lara bilim ve teknolojiyi sanatla bulu\u015fturma f\u0131rsat\u0131 sunuyor. \u0130lkokul ve ortaokul \u00f6\u011frencileri, belirledikleri teknik ile hayallerini ka\u011f\u0131da d\u00f6kerek yeteneklerini sergileyebilecek. Yar\u0131\u015fmaya kat\u0131lmak isteyen \u00f6\u011frencilerin, yar\u0131\u015ft\u0131rmaya g\u00f6nderecekleri eserleri belirlemeleri ve ba\u015fvuru&#8230;<\/p>\n","protected":false},"author":1,"featured_media":15772,"comment_status":"closed","ping_status":"closed","sticky":false,"template":"","format":"standard","meta":{"footnotes":""},"categories":[27],"tags":[],"class_list":["post-15771","post","type-post","status-publish","format-standard","has-post-thumbnail","hentry","category-egitim"],"_links":{"self":[{"href":"http:\/\/gazetevizyon.com\/index.php?rest_route=\/wp\/v2\/posts\/15771","targetHints":{"allow":["GET"]}}],"collection":[{"href":"http:\/\/gazetevizyon.com\/index.php?rest_route=\/wp\/v2\/posts"}],"about":[{"href":"http:\/\/gazetevizyon.com\/index.php?rest_route=\/wp\/v2\/types\/post"}],"author":[{"embeddable":true,"href":"http:\/\/gazetevizyon.com\/index.php?rest_route=\/wp\/v2\/users\/1"}],"replies":[{"embeddable":true,"href":"http:\/\/gazetevizyon.com\/index.php?rest_route=%2Fwp%2Fv2%2Fcomments&post=15771"}],"version-history":[{"count":0,"href":"http:\/\/gazetevizyon.com\/index.php?rest_route=\/wp\/v2\/posts\/15771\/revisions"}],"wp:featuredmedia":[{"embeddable":true,"href":"http:\/\/gazetevizyon.com\/index.php?rest_route=\/wp\/v2\/media\/15772"}],"wp:attachment":[{"href":"http:\/\/gazetevizyon.com\/index.php?rest_route=%2Fwp%2Fv2%2Fmedia&parent=15771"}],"wp:term":[{"taxonomy":"category","embeddable":true,"href":"http:\/\/gazetevizyon.com\/index.php?rest_route=%2Fwp%2Fv2%2Fcategories&post=15771"},{"taxonomy":"post_tag","embeddable":true,"href":"http:\/\/gazetevizyon.com\/index.php?rest_route=%2Fwp%2Fv2%2Ftags&post=15771"}],"curies":[{"name":"wp","href":"https:\/\/api.w.org\/{rel}","templated":true}]}}