{"id":15893,"date":"2024-12-05T01:55:02","date_gmt":"2024-12-05T01:55:02","guid":{"rendered":"http:\/\/gazetevizyon.com\/?p=15893"},"modified":"2024-12-05T01:55:02","modified_gmt":"2024-12-05T01:55:02","slug":"ayvalik-ozel-egitim-ve-rehabilitasyon-merkezi-ayvalik-ilce-milli-egitim-mudurunu-ziyaret-etti","status":"publish","type":"post","link":"http:\/\/gazetevizyon.com\/?p=15893","title":{"rendered":"Ayval\u0131k \u00d6zel E\u011fitim ve Rehabilitasyon Merkezi, Ayval\u0131k \u0130l\u00e7e Milli E\u011fitim M\u00fcd\u00fcr\u00fc&#8217;n\u00fc Ziyaret Etti"},"content":{"rendered":"<p>    Ayval\u0131k \u00d6zel E\u011fitim ve Rehabilitasyon Merkezi, \u00f6nemli bir ziyaret ger\u00e7ekle\u015ftirdi. Merkez M\u00fcd\u00fcr\u00fc Samet \u0130LYASO\u011eLU, M\u00fcd\u00fcr Yard\u0131mc\u0131s\u0131 Gizem SUAL YILMAZO\u011eULLARI ve \u00f6\u011frencileri, Ayval\u0131k \u0130l\u00e7e Milli E\u011fitim M\u00fcd\u00fcr\u00fc G\u00fcner BAHADIR&#8217;\u0131 makam\u0131nda ziyaret etti. <\/p>\n<p>    G\u00f6r\u00fc\u015fme, e\u011fitim ve rehabilitasyon s\u00fcreci \u00fczerine bilgi al\u0131\u015fveri\u015finde bulunmak, \u00f6\u011frencilerin ihtiya\u00e7lar\u0131n\u0131 ve taleplerini dile getirmek amac\u0131yla yap\u0131ld\u0131. Merkez y\u00f6neticileri, ziyaret s\u0131ras\u0131nda e\u011fitim alan\u0131ndaki geli\u015fmeler ve destek hizmetleri hakk\u0131nda bilgi payla\u015f\u0131m\u0131nda bulundu. <\/p>\n<p>    Bu t\u00fcr ziyaretlerin, \u00f6zel e\u011fitim alan\u0131ndaki \u00e7al\u0131\u015fmalar\u0131n g\u00fc\u00e7lendirilmesi a\u00e7\u0131s\u0131ndan b\u00fcy\u00fck \u00f6nem ta\u015f\u0131d\u0131\u011f\u0131 ifade edildi. Ziyaretin ard\u0131ndan, \u0130LYASO\u011eLU ve ekibi, G\u00fcner BAHADIR&#8217;a te\u015fekk\u00fcr ederek merkezdeki faaliyetlere dair bilgi vermeye devam edeceklerini belirtti.<\/p>\n","protected":false},"excerpt":{"rendered":"<p>Ayval\u0131k \u00d6zel E\u011fitim ve Rehabilitasyon Merkezi, \u00f6nemli bir ziyaret ger\u00e7ekle\u015ftirdi. Merkez M\u00fcd\u00fcr\u00fc Samet \u0130LYASO\u011eLU, M\u00fcd\u00fcr Yard\u0131mc\u0131s\u0131 Gizem SUAL YILMAZO\u011eULLARI ve \u00f6\u011frencileri, Ayval\u0131k \u0130l\u00e7e Milli E\u011fitim M\u00fcd\u00fcr\u00fc G\u00fcner BAHADIR&#8217;\u0131 makam\u0131nda ziyaret etti. G\u00f6r\u00fc\u015fme, e\u011fitim ve rehabilitasyon s\u00fcreci \u00fczerine bilgi al\u0131\u015fveri\u015finde bulunmak,&#8230;<\/p>\n","protected":false},"author":1,"featured_media":15894,"comment_status":"closed","ping_status":"closed","sticky":false,"template":"","format":"standard","meta":{"footnotes":""},"categories":[27],"tags":[],"class_list":["post-15893","post","type-post","status-publish","format-standard","has-post-thumbnail","hentry","category-egitim"],"_links":{"self":[{"href":"http:\/\/gazetevizyon.com\/index.php?rest_route=\/wp\/v2\/posts\/15893","targetHints":{"allow":["GET"]}}],"collection":[{"href":"http:\/\/gazetevizyon.com\/index.php?rest_route=\/wp\/v2\/posts"}],"about":[{"href":"http:\/\/gazetevizyon.com\/index.php?rest_route=\/wp\/v2\/types\/post"}],"author":[{"embeddable":true,"href":"http:\/\/gazetevizyon.com\/index.php?rest_route=\/wp\/v2\/users\/1"}],"replies":[{"embeddable":true,"href":"http:\/\/gazetevizyon.com\/index.php?rest_route=%2Fwp%2Fv2%2Fcomments&post=15893"}],"version-history":[{"count":0,"href":"http:\/\/gazetevizyon.com\/index.php?rest_route=\/wp\/v2\/posts\/15893\/revisions"}],"wp:featuredmedia":[{"embeddable":true,"href":"http:\/\/gazetevizyon.com\/index.php?rest_route=\/wp\/v2\/media\/15894"}],"wp:attachment":[{"href":"http:\/\/gazetevizyon.com\/index.php?rest_route=%2Fwp%2Fv2%2Fmedia&parent=15893"}],"wp:term":[{"taxonomy":"category","embeddable":true,"href":"http:\/\/gazetevizyon.com\/index.php?rest_route=%2Fwp%2Fv2%2Fcategories&post=15893"},{"taxonomy":"post_tag","embeddable":true,"href":"http:\/\/gazetevizyon.com\/index.php?rest_route=%2Fwp%2Fv2%2Ftags&post=15893"}],"curies":[{"name":"wp","href":"https:\/\/api.w.org\/{rel}","templated":true}]}}