{"id":16027,"date":"2024-12-05T20:00:11","date_gmt":"2024-12-05T20:00:11","guid":{"rendered":"http:\/\/gazetevizyon.com\/?p=16027"},"modified":"2024-12-05T20:00:11","modified_gmt":"2024-12-05T20:00:11","slug":"havranda-ozel-egitim-ziyareti","status":"publish","type":"post","link":"http:\/\/gazetevizyon.com\/?p=16027","title":{"rendered":"Havran\u2019da \u00d6zel E\u011fitim Ziyareti"},"content":{"rendered":"<p>Havran il\u00e7esinde, Kaymakam Enver \u00d6zderin, Kaymakam Aday\u0131 Yusuf Emre Yi\u011fit ve \u0130l\u00e7e Mill\u00ee E\u011fitim M\u00fcd\u00fcr\u00fc H\u00fcseyin Aydemir, \u00d6zel K\u00f6rfez Kardelen \u00d6zel E\u011fitim ve Rehabilitasyon Merkezini ziyaret etti. <\/p>\n<p>Ziyaret kapsam\u0131nda, Kaymakam \u00d6zderin, merkez m\u00fcd\u00fcr\u00fc Ali \u00c7elebi\u2019den, y\u00fcr\u00fct\u00fclen e\u011fitim \u00e7al\u0131\u015fmalar\u0131 hakk\u0131nda bilgi ald\u0131. Bu kapsamda \u00f6\u011frencilerle bir araya gelen \u00d6zderin, onlarla sohbet ederek, merkezdeki e\u011fitim ortam\u0131na dair g\u00f6zlemlerde bulundu. <\/p>\n<p>Havran \u0130l\u00e7esi\u2019nde \u00f6zel e\u011fitim alan\u0131nda sa\u011flanan imkanlar\u0131n art\u0131r\u0131lmas\u0131 ve \u00f6\u011frencilere destek hizmetlerinin s\u00fcrd\u00fcr\u00fclmesi hedefleniyor.<\/p>\n","protected":false},"excerpt":{"rendered":"<p>Havran il\u00e7esinde, Kaymakam Enver \u00d6zderin, Kaymakam Aday\u0131 Yusuf Emre Yi\u011fit ve \u0130l\u00e7e Mill\u00ee E\u011fitim M\u00fcd\u00fcr\u00fc H\u00fcseyin Aydemir, \u00d6zel K\u00f6rfez Kardelen \u00d6zel E\u011fitim ve Rehabilitasyon Merkezini ziyaret etti. Ziyaret kapsam\u0131nda, Kaymakam \u00d6zderin, merkez m\u00fcd\u00fcr\u00fc Ali \u00c7elebi\u2019den, y\u00fcr\u00fct\u00fclen e\u011fitim \u00e7al\u0131\u015fmalar\u0131 hakk\u0131nda bilgi&#8230;<\/p>\n","protected":false},"author":1,"featured_media":16028,"comment_status":"closed","ping_status":"closed","sticky":false,"template":"","format":"standard","meta":{"footnotes":""},"categories":[27],"tags":[],"class_list":["post-16027","post","type-post","status-publish","format-standard","has-post-thumbnail","hentry","category-egitim"],"_links":{"self":[{"href":"http:\/\/gazetevizyon.com\/index.php?rest_route=\/wp\/v2\/posts\/16027","targetHints":{"allow":["GET"]}}],"collection":[{"href":"http:\/\/gazetevizyon.com\/index.php?rest_route=\/wp\/v2\/posts"}],"about":[{"href":"http:\/\/gazetevizyon.com\/index.php?rest_route=\/wp\/v2\/types\/post"}],"author":[{"embeddable":true,"href":"http:\/\/gazetevizyon.com\/index.php?rest_route=\/wp\/v2\/users\/1"}],"replies":[{"embeddable":true,"href":"http:\/\/gazetevizyon.com\/index.php?rest_route=%2Fwp%2Fv2%2Fcomments&post=16027"}],"version-history":[{"count":0,"href":"http:\/\/gazetevizyon.com\/index.php?rest_route=\/wp\/v2\/posts\/16027\/revisions"}],"wp:featuredmedia":[{"embeddable":true,"href":"http:\/\/gazetevizyon.com\/index.php?rest_route=\/wp\/v2\/media\/16028"}],"wp:attachment":[{"href":"http:\/\/gazetevizyon.com\/index.php?rest_route=%2Fwp%2Fv2%2Fmedia&parent=16027"}],"wp:term":[{"taxonomy":"category","embeddable":true,"href":"http:\/\/gazetevizyon.com\/index.php?rest_route=%2Fwp%2Fv2%2Fcategories&post=16027"},{"taxonomy":"post_tag","embeddable":true,"href":"http:\/\/gazetevizyon.com\/index.php?rest_route=%2Fwp%2Fv2%2Ftags&post=16027"}],"curies":[{"name":"wp","href":"https:\/\/api.w.org\/{rel}","templated":true}]}}