{"id":16285,"date":"2024-12-10T11:18:49","date_gmt":"2024-12-10T11:18:49","guid":{"rendered":"http:\/\/gazetevizyon.com\/?p=16285"},"modified":"2024-12-10T11:18:49","modified_gmt":"2024-12-10T11:18:49","slug":"cumhurbaskani-recep-tayyip-erdogan-egitimde-yapilan-yatirimlar-basariyi-artiriyor","status":"publish","type":"post","link":"http:\/\/gazetevizyon.com\/?p=16285","title":{"rendered":"Cumhurba\u015fkan\u0131 Recep Tayyip Erdo\u011fan: E\u011fitimde Yap\u0131lan Yat\u0131r\u0131mlar Ba\u015far\u0131y\u0131 Art\u0131r\u0131yor"},"content":{"rendered":"<p>Cumhurba\u015fkan\u0131 Recep Tayyip Erdo\u011fan, T\u00fcrkiye\u2019nin e\u011fitim alan\u0131nda son 22 y\u0131lda yap\u0131lan yat\u0131r\u0131mlar\u0131n sonu\u00e7lar\u0131n\u0131 de\u011ferlendirdi. Yap\u0131lan devasa yat\u0131r\u0131mlar\u0131n e\u011fitimin kalitesinde olumlu etkiler yaratt\u0131\u011f\u0131n\u0131 belirten Erdo\u011fan, T\u00fcrkiye\u2019nin uluslararas\u0131 izleme ara\u015ft\u0131rmalar\u0131nda matematik ve fen bilimlerinde d\u00f6rd\u00fcnc\u00fc ve sekizinci s\u0131n\u0131f \u00f6\u011frencilerinin ba\u015far\u0131 grafiklerinin s\u00fcrekli olarak y\u00fckseldi\u011fini a\u00e7\u0131klad\u0131.<\/p>\n<p>2023 y\u0131l\u0131na ait verilerin, bu ba\u015far\u0131y\u0131 bir kez daha ortaya koydu\u011funu ifade eden Cumhurba\u015fkan\u0131 Erdo\u011fan, e\u011fitim modelinin h\u0131zla geli\u015fti\u011fini vurgulad\u0131. Ayr\u0131ca, bu olumlu geli\u015fmelerin gelecekte daha da h\u0131zlanaca\u011f\u0131n\u0131 umdu\u011funu s\u00f6yledi.<\/p>\n<p>Bu a\u00e7\u0131klamalar, T\u00fcrkiye\u2019nin e\u011fitim sistemindeki iyile\u015fmelerin ve yap\u0131lan yat\u0131r\u0131mlar\u0131n ba\u015far\u0131s\u0131n\u0131 g\u00f6zler \u00f6n\u00fcne seriyor. Erdo\u011fan, \u00fclke genelinde e\u011fitimin kalitesinin art\u0131r\u0131lmas\u0131 i\u00e7in s\u00fcrd\u00fcr\u00fclen \u00e7abalar\u0131n devam edece\u011fini belirtti.<\/p>\n","protected":false},"excerpt":{"rendered":"<p>Cumhurba\u015fkan\u0131 Recep Tayyip Erdo\u011fan, T\u00fcrkiye\u2019nin e\u011fitim alan\u0131nda son 22 y\u0131lda yap\u0131lan yat\u0131r\u0131mlar\u0131n sonu\u00e7lar\u0131n\u0131 de\u011ferlendirdi. Yap\u0131lan devasa yat\u0131r\u0131mlar\u0131n e\u011fitimin kalitesinde olumlu etkiler yaratt\u0131\u011f\u0131n\u0131 belirten Erdo\u011fan, T\u00fcrkiye\u2019nin uluslararas\u0131 izleme ara\u015ft\u0131rmalar\u0131nda matematik ve fen bilimlerinde d\u00f6rd\u00fcnc\u00fc ve sekizinci s\u0131n\u0131f \u00f6\u011frencilerinin ba\u015far\u0131 grafiklerinin s\u00fcrekli&#8230;<\/p>\n","protected":false},"author":1,"featured_media":16286,"comment_status":"closed","ping_status":"closed","sticky":false,"template":"","format":"standard","meta":{"footnotes":""},"categories":[27],"tags":[],"class_list":["post-16285","post","type-post","status-publish","format-standard","has-post-thumbnail","hentry","category-egitim"],"_links":{"self":[{"href":"http:\/\/gazetevizyon.com\/index.php?rest_route=\/wp\/v2\/posts\/16285","targetHints":{"allow":["GET"]}}],"collection":[{"href":"http:\/\/gazetevizyon.com\/index.php?rest_route=\/wp\/v2\/posts"}],"about":[{"href":"http:\/\/gazetevizyon.com\/index.php?rest_route=\/wp\/v2\/types\/post"}],"author":[{"embeddable":true,"href":"http:\/\/gazetevizyon.com\/index.php?rest_route=\/wp\/v2\/users\/1"}],"replies":[{"embeddable":true,"href":"http:\/\/gazetevizyon.com\/index.php?rest_route=%2Fwp%2Fv2%2Fcomments&post=16285"}],"version-history":[{"count":0,"href":"http:\/\/gazetevizyon.com\/index.php?rest_route=\/wp\/v2\/posts\/16285\/revisions"}],"wp:featuredmedia":[{"embeddable":true,"href":"http:\/\/gazetevizyon.com\/index.php?rest_route=\/wp\/v2\/media\/16286"}],"wp:attachment":[{"href":"http:\/\/gazetevizyon.com\/index.php?rest_route=%2Fwp%2Fv2%2Fmedia&parent=16285"}],"wp:term":[{"taxonomy":"category","embeddable":true,"href":"http:\/\/gazetevizyon.com\/index.php?rest_route=%2Fwp%2Fv2%2Fcategories&post=16285"},{"taxonomy":"post_tag","embeddable":true,"href":"http:\/\/gazetevizyon.com\/index.php?rest_route=%2Fwp%2Fv2%2Ftags&post=16285"}],"curies":[{"name":"wp","href":"https:\/\/api.w.org\/{rel}","templated":true}]}}