{"id":16372,"date":"2024-12-12T10:32:30","date_gmt":"2024-12-12T10:32:30","guid":{"rendered":"http:\/\/gazetevizyon.com\/?p=16372"},"modified":"2024-12-12T10:32:30","modified_gmt":"2024-12-12T10:32:30","slug":"yerli-uretim-temali-etkinlikler-baslatiliyor","status":"publish","type":"post","link":"http:\/\/gazetevizyon.com\/?p=16372","title":{"rendered":"Yerli \u00dcretim Temal\u0131 Etkinlikler Ba\u015flat\u0131l\u0131yor"},"content":{"rendered":"<p>Tutum Yat\u0131r\u0131m ve T\u00fcrk Mallar\u0131 Haftas\u0131, her y\u0131l 12-18 Aral\u0131k tarihleri aras\u0131nda kutlanacak. Bu y\u0131lki etkinliklerde yerli \u00fcretimin \u00f6nemi vurgulanacak ve ekonomiye katk\u0131lar\u0131 \u00fczerinde durulacak. Ekonomik Bilin\u00e7 ve Yerel \u00dcr\u00fcnler Etkinliklerin ana temalar\u0131n\u0131 ekonomik bilin\u00e7 olu\u015fturma, yerel \u00fcr\u00fcnlerin tan\u0131t\u0131lmas\u0131, israf\u0131n \u00f6nlenmesi ve do\u011fal kaynaklar\u0131n korunmas\u0131 olu\u015fturuyor. Bu ba\u011flamda okullarda \u00e7e\u015fitli etkinlikler d\u00fczenlenecek. \u00d6\u011frencilere yerli mal kullan\u0131m\u0131n\u0131n te\u015fvik edilmesi ve yerli \u00fcretimin desteklenmesi amac\u0131yla fark\u0131ndal\u0131k olu\u015fturulacak. Do\u011fal Kaynaklar\u0131n Korunmas\u0131 Ayr\u0131ca, do\u011fal kaynaklar\u0131n korunmas\u0131 konusuna da dikkat \u00e7ekilerek s\u00fcrd\u00fcr\u00fclebilir bir gelece\u011fin sa\u011flanmas\u0131 hedefleniyor. D\u00fc\u015f\u00fck kaynak t\u00fcketimi ve \u00e7evre dostu ya\u015fam bilincinin geli\u015fmesi \u00fczerine etkinlikler planlan\u0131yor. Hafta boyunca d\u00fczenlenecek etkinliklerin ama\u00e7lar\u0131 aras\u0131nda \u00f6\u011frencilere yerli \u00fcr\u00fcnlerin avantajlar\u0131n\u0131 tan\u0131tmak ve bu \u00fcr\u00fcnlerin kullan\u0131m\u0131 konusunda bilin\u00e7lendirmek yer al\u0131yor.<\/p>\n","protected":false},"excerpt":{"rendered":"<p>Tutum Yat\u0131r\u0131m ve T\u00fcrk Mallar\u0131 Haftas\u0131, her y\u0131l 12-18 Aral\u0131k tarihleri aras\u0131nda kutlanacak. Bu y\u0131lki etkinliklerde yerli \u00fcretimin \u00f6nemi vurgulanacak ve ekonomiye katk\u0131lar\u0131 \u00fczerinde durulacak. Ekonomik Bilin\u00e7 ve Yerel \u00dcr\u00fcnler Etkinliklerin ana temalar\u0131n\u0131 ekonomik bilin\u00e7 olu\u015fturma, yerel \u00fcr\u00fcnlerin tan\u0131t\u0131lmas\u0131, israf\u0131n&#8230;<\/p>\n","protected":false},"author":1,"featured_media":16373,"comment_status":"closed","ping_status":"closed","sticky":false,"template":"","format":"standard","meta":{"footnotes":""},"categories":[27],"tags":[],"class_list":["post-16372","post","type-post","status-publish","format-standard","has-post-thumbnail","hentry","category-egitim"],"_links":{"self":[{"href":"http:\/\/gazetevizyon.com\/index.php?rest_route=\/wp\/v2\/posts\/16372","targetHints":{"allow":["GET"]}}],"collection":[{"href":"http:\/\/gazetevizyon.com\/index.php?rest_route=\/wp\/v2\/posts"}],"about":[{"href":"http:\/\/gazetevizyon.com\/index.php?rest_route=\/wp\/v2\/types\/post"}],"author":[{"embeddable":true,"href":"http:\/\/gazetevizyon.com\/index.php?rest_route=\/wp\/v2\/users\/1"}],"replies":[{"embeddable":true,"href":"http:\/\/gazetevizyon.com\/index.php?rest_route=%2Fwp%2Fv2%2Fcomments&post=16372"}],"version-history":[{"count":0,"href":"http:\/\/gazetevizyon.com\/index.php?rest_route=\/wp\/v2\/posts\/16372\/revisions"}],"wp:featuredmedia":[{"embeddable":true,"href":"http:\/\/gazetevizyon.com\/index.php?rest_route=\/wp\/v2\/media\/16373"}],"wp:attachment":[{"href":"http:\/\/gazetevizyon.com\/index.php?rest_route=%2Fwp%2Fv2%2Fmedia&parent=16372"}],"wp:term":[{"taxonomy":"category","embeddable":true,"href":"http:\/\/gazetevizyon.com\/index.php?rest_route=%2Fwp%2Fv2%2Fcategories&post=16372"},{"taxonomy":"post_tag","embeddable":true,"href":"http:\/\/gazetevizyon.com\/index.php?rest_route=%2Fwp%2Fv2%2Ftags&post=16372"}],"curies":[{"name":"wp","href":"https:\/\/api.w.org\/{rel}","templated":true}]}}