{"id":16514,"date":"2024-12-13T03:27:40","date_gmt":"2024-12-13T03:27:40","guid":{"rendered":"http:\/\/gazetevizyon.com\/?p=16514"},"modified":"2024-12-13T03:27:40","modified_gmt":"2024-12-13T03:27:40","slug":"sindirgida-egitim-yapisinin-guclendirilmesi-adina-iki-onemli-proje-hayata-geciyor","status":"publish","type":"post","link":"http:\/\/gazetevizyon.com\/?p=16514","title":{"rendered":"S\u0131nd\u0131rg\u0131&#8217;da E\u011fitim Yap\u0131s\u0131n\u0131n G\u00fc\u00e7lendirilmesi Ad\u0131na \u0130ki \u00d6nemli Proje Hayata Ge\u00e7iyor"},"content":{"rendered":"<p>S\u0131nd\u0131rg\u0131 il\u00e7esinde e\u011fitim yap\u0131s\u0131n\u0131n g\u00fc\u00e7lendirilmesi ad\u0131na \u00f6nemli ad\u0131mlar at\u0131l\u0131yor. Tasfiye edilen iki okul in\u015faat\u0131ndan biri olan Kurtulu\u015f \u0130lkokulu&#8217;nun ikame in\u015faat ihalesi tamamland\u0131. Y\u00fcklenici firman\u0131n, projeye h\u0131zla ba\u015flad\u0131\u011f\u0131 ve in\u015faat \u00e7al\u0131\u015fmalar\u0131na devam etti\u011fi belirtiliyor. <\/p>\n<p>Kurtulu\u015f \u0130lkokulu binas\u0131n\u0131n tamamlanmas\u0131 i\u00e7in belirlenen hedef s\u00fcre Haziran 2025 sonu olarak belirlendi. Bu s\u00fcre zarf\u0131nda in\u015faat\u0131n tamamlanmas\u0131 planlan\u0131yor. <\/p>\n<p>\u0130kinci in\u015faat olan \u0130mam Hatip Ortaokulu binas\u0131 i\u00e7inse, Bakanl\u0131k taraf\u0131ndan verilen ikame in\u015faat onay\u0131 ile ihale s\u00fcreci son a\u015famas\u0131na geldi. E\u011fitimin kalitesini art\u0131rmay\u0131 hedefleyen bu projeler i\u00e7in eme\u011fi ge\u00e7en herkese te\u015fekk\u00fcr edildi. Konunun yak\u0131ndan takip\u00e7isi olan \u0130l Milli E\u011fitim M\u00fcd\u00fcr\u00fc Murat Demir&#8217;e de \u00f6zel bir te\u015fekk\u00fcr iletildi. <\/p>\n<p>S\u0131nd\u0131rg\u0131&#8217;daki e\u011fitim alan\u0131ndaki bu geli\u015fmeler, il\u00e7e halk\u0131 aras\u0131nda sevin\u00e7le kar\u015f\u0131lan\u0131rken, gelecekte e\u011fitim kalitesinin artmas\u0131 bekleniyor.<\/p>\n","protected":false},"excerpt":{"rendered":"<p>S\u0131nd\u0131rg\u0131 il\u00e7esinde e\u011fitim yap\u0131s\u0131n\u0131n g\u00fc\u00e7lendirilmesi ad\u0131na \u00f6nemli ad\u0131mlar at\u0131l\u0131yor. Tasfiye edilen iki okul in\u015faat\u0131ndan biri olan Kurtulu\u015f \u0130lkokulu&#8217;nun ikame in\u015faat ihalesi tamamland\u0131. Y\u00fcklenici firman\u0131n, projeye h\u0131zla ba\u015flad\u0131\u011f\u0131 ve in\u015faat \u00e7al\u0131\u015fmalar\u0131na devam etti\u011fi belirtiliyor. Kurtulu\u015f \u0130lkokulu binas\u0131n\u0131n tamamlanmas\u0131 i\u00e7in belirlenen hedef&#8230;<\/p>\n","protected":false},"author":1,"featured_media":16515,"comment_status":"closed","ping_status":"closed","sticky":false,"template":"","format":"standard","meta":{"footnotes":""},"categories":[27],"tags":[],"class_list":["post-16514","post","type-post","status-publish","format-standard","has-post-thumbnail","hentry","category-egitim"],"_links":{"self":[{"href":"http:\/\/gazetevizyon.com\/index.php?rest_route=\/wp\/v2\/posts\/16514","targetHints":{"allow":["GET"]}}],"collection":[{"href":"http:\/\/gazetevizyon.com\/index.php?rest_route=\/wp\/v2\/posts"}],"about":[{"href":"http:\/\/gazetevizyon.com\/index.php?rest_route=\/wp\/v2\/types\/post"}],"author":[{"embeddable":true,"href":"http:\/\/gazetevizyon.com\/index.php?rest_route=\/wp\/v2\/users\/1"}],"replies":[{"embeddable":true,"href":"http:\/\/gazetevizyon.com\/index.php?rest_route=%2Fwp%2Fv2%2Fcomments&post=16514"}],"version-history":[{"count":0,"href":"http:\/\/gazetevizyon.com\/index.php?rest_route=\/wp\/v2\/posts\/16514\/revisions"}],"wp:featuredmedia":[{"embeddable":true,"href":"http:\/\/gazetevizyon.com\/index.php?rest_route=\/wp\/v2\/media\/16515"}],"wp:attachment":[{"href":"http:\/\/gazetevizyon.com\/index.php?rest_route=%2Fwp%2Fv2%2Fmedia&parent=16514"}],"wp:term":[{"taxonomy":"category","embeddable":true,"href":"http:\/\/gazetevizyon.com\/index.php?rest_route=%2Fwp%2Fv2%2Fcategories&post=16514"},{"taxonomy":"post_tag","embeddable":true,"href":"http:\/\/gazetevizyon.com\/index.php?rest_route=%2Fwp%2Fv2%2Ftags&post=16514"}],"curies":[{"name":"wp","href":"https:\/\/api.w.org\/{rel}","templated":true}]}}