{"id":16540,"date":"2024-12-13T22:06:18","date_gmt":"2024-12-13T22:06:18","guid":{"rendered":"http:\/\/gazetevizyon.com\/?p=16540"},"modified":"2024-12-13T22:06:18","modified_gmt":"2024-12-13T22:06:18","slug":"balikesir-universitesi-guzel-sanatlar-fakultesinde-uluslararasi-2-illustrasyon-bienali-acildi","status":"publish","type":"post","link":"http:\/\/gazetevizyon.com\/?p=16540","title":{"rendered":"Bal\u0131kesir \u00dcniversitesi G\u00fczel Sanatlar Fak\u00fcltesi&#8217;nde Uluslararas\u0131 2 \u0130ll\u00fcstrasyon Bienali A\u00e7\u0131ld\u0131"},"content":{"rendered":"<p>Bal\u0131kesir \u00dcniversitesi G\u00fczel Sanatlar Fak\u00fcltesi, uluslararas\u0131 sanat etkinlikleri kapsam\u0131nda \u00f6nemli bir organizasyona ev sahipli\u011fi yapmaya devam ediyor. Grafik Sanatlar B\u00f6l\u00fcm\u00fc taraf\u0131ndan d\u00fczenlenen Uluslararas\u0131 2 \u0130ll\u00fcstrasyon Bienali, a\u00e7\u0131l\u0131\u015f t\u00f6reni ile sanatseverlerle bulu\u015ftu. <\/p>\n<p>GSF Ta\u015f Galeri Sergi Salonu&#8217;nda ger\u00e7ekle\u015ftirilen a\u00e7\u0131l\u0131\u015fa \u00fcniversitenin \u00fcst d\u00fczey y\u00f6neticileri kat\u0131ld\u0131. Bal\u0131kesir \u00dcniversitesi Rekt\u00f6r\u00fc Prof. Dr. Y\u00fccel O\u011furlu, Biruni \u00dcniversitesi Rekt\u00f6r Yard\u0131mc\u0131s\u0131 Prof. Dr. Mustafa Solak, Rekt\u00f6r Yard\u0131mc\u0131lar\u0131 Prof. Dr. Cevdet Avc\u0131kurt, Prof. Dr. Murat Do\u011fdubay, Prof. Dr. Fatih Sat\u0131l, G\u00fczel Sanatlar Fak\u00fcltesi Dekan\u0131 Prof. Dr. Selvihan K\u0131l\u0131\u00e7, M\u00fchendislik Fak\u00fcltesi Dekan\u0131 Prof. Dr. Zafer Aslan, Sa\u011fl\u0131k Bilimleri Fak\u00fcltesi Dekan\u0131 Prof. Dr. Sibel Erg\u00fcn, Genel Sekreter Yemliha Yanar ve \u00e7ok say\u0131da akademik ile idari personel a\u00e7\u0131l\u0131\u015fta yer ald\u0131. <\/p>\n<p>Etkinlikte, Grafik Sanatlar B\u00f6l\u00fcm Ba\u015fkan\u0131 Prof. Dr. Serdar Y\u0131lmaz, bienalin i\u00e7eri\u011fi ve sergilenilen eserler hakk\u0131nda kat\u0131l\u0131mc\u0131lara bilgi verdi. A\u00e7\u0131l\u0131\u015f sonras\u0131nda, G\u00fczel Sanatlar Fak\u00fcltesi Dekan\u0131 Prof. Dr. Selvihan K\u0131l\u0131\u00e7 ve Prof. Dr. Serdar Y\u0131lmaz e\u015fli\u011finde eserler gezildi. <\/p>\n<p>Bienali ziyaret eden Rekt\u00f6r Prof. Dr. Y\u00fccel O\u011furlu, etkinlik arac\u0131l\u0131\u011f\u0131yla \u00fcniversitenin ismini uluslararas\u0131 alanda duyuran sanat\u00e7\u0131lara ve organizasyonda eme\u011fi ge\u00e7enlere tebriklerini iletti. <\/p>\n<p>Uluslararas\u0131 2 \u0130ll\u00fcstrasyon Bienali, T\u00fcrkiye dahil olmak \u00fczere 18 farkl\u0131 \u00fclkeden sanat\u00e7\u0131lar\u0131n 116 \u00f6zg\u00fcn eserine ev sahipli\u011fi yap\u0131yor. Etkinlik, sanatseverlerin ziyaretine 31 Aral\u0131k tarihine kadar a\u00e7\u0131k olacak.<\/p>\n","protected":false},"excerpt":{"rendered":"<p>Bal\u0131kesir \u00dcniversitesi G\u00fczel Sanatlar Fak\u00fcltesi, uluslararas\u0131 sanat etkinlikleri kapsam\u0131nda \u00f6nemli bir organizasyona ev sahipli\u011fi yapmaya devam ediyor. Grafik Sanatlar B\u00f6l\u00fcm\u00fc taraf\u0131ndan d\u00fczenlenen Uluslararas\u0131 2 \u0130ll\u00fcstrasyon Bienali, a\u00e7\u0131l\u0131\u015f t\u00f6reni ile sanatseverlerle bulu\u015ftu. GSF Ta\u015f Galeri Sergi Salonu&#8217;nda ger\u00e7ekle\u015ftirilen a\u00e7\u0131l\u0131\u015fa \u00fcniversitenin \u00fcst&#8230;<\/p>\n","protected":false},"author":1,"featured_media":16541,"comment_status":"closed","ping_status":"closed","sticky":false,"template":"","format":"standard","meta":{"footnotes":""},"categories":[27],"tags":[],"class_list":["post-16540","post","type-post","status-publish","format-standard","has-post-thumbnail","hentry","category-egitim"],"_links":{"self":[{"href":"http:\/\/gazetevizyon.com\/index.php?rest_route=\/wp\/v2\/posts\/16540","targetHints":{"allow":["GET"]}}],"collection":[{"href":"http:\/\/gazetevizyon.com\/index.php?rest_route=\/wp\/v2\/posts"}],"about":[{"href":"http:\/\/gazetevizyon.com\/index.php?rest_route=\/wp\/v2\/types\/post"}],"author":[{"embeddable":true,"href":"http:\/\/gazetevizyon.com\/index.php?rest_route=\/wp\/v2\/users\/1"}],"replies":[{"embeddable":true,"href":"http:\/\/gazetevizyon.com\/index.php?rest_route=%2Fwp%2Fv2%2Fcomments&post=16540"}],"version-history":[{"count":0,"href":"http:\/\/gazetevizyon.com\/index.php?rest_route=\/wp\/v2\/posts\/16540\/revisions"}],"wp:featuredmedia":[{"embeddable":true,"href":"http:\/\/gazetevizyon.com\/index.php?rest_route=\/wp\/v2\/media\/16541"}],"wp:attachment":[{"href":"http:\/\/gazetevizyon.com\/index.php?rest_route=%2Fwp%2Fv2%2Fmedia&parent=16540"}],"wp:term":[{"taxonomy":"category","embeddable":true,"href":"http:\/\/gazetevizyon.com\/index.php?rest_route=%2Fwp%2Fv2%2Fcategories&post=16540"},{"taxonomy":"post_tag","embeddable":true,"href":"http:\/\/gazetevizyon.com\/index.php?rest_route=%2Fwp%2Fv2%2Ftags&post=16540"}],"curies":[{"name":"wp","href":"https:\/\/api.w.org\/{rel}","templated":true}]}}