{"id":16750,"date":"2024-12-15T11:10:40","date_gmt":"2024-12-15T11:10:40","guid":{"rendered":"http:\/\/gazetevizyon.com\/?p=16750"},"modified":"2024-12-15T11:10:40","modified_gmt":"2024-12-15T11:10:40","slug":"cumhurbaskani-erdogan-birlesik-metal-is-sendikasinin-grevini-yasakladi","status":"publish","type":"post","link":"http:\/\/gazetevizyon.com\/?p=16750","title":{"rendered":"Cumhurba\u015fkan\u0131 Erdo\u011fan, Birle\u015fik Metal \u0130\u015f Sendikas\u0131\u2019n\u0131n grevini yasaklad\u0131"},"content":{"rendered":"<p>\nCumhurba\u015fkan\u0131 Erdo\u011fan, Birle\u015fik Metal \u0130\u015f Sendikas\u0131\u2019n\u0131n grevini 60 g\u00fcn s\u00fcreyle yasaklad\u0131. Bu karar, Erdo\u011fan\u2019\u0131n i\u015f\u00e7i haklar\u0131na y\u00f6nelik yakla\u015f\u0131m\u0131n\u0131 bir kez daha g\u00f6zler \u00f6n\u00fcne serdi. <\/p>\n<p>\u0130\u015f\u00e7i Haklar\u0131n\u0131n Ask\u0131ya Al\u0131nmas\u0131<\/p>\n<p>Sendika, grev hakk\u0131n\u0131 kullanmak \u00fczere yasa gere\u011fi topland\u0131\u011f\u0131 d\u00f6nemde, Cumhurba\u015fkan\u0131&#8217;n\u0131n ald\u0131\u011f\u0131 bu karar\u0131n, i\u015f\u00e7ilerin anayasal haklar\u0131n\u0131 keyfi bir \u015fekilde ask\u0131ya alma anlam\u0131na geldi\u011fini belirtti. \u0130\u015f\u00e7ilerin haklar\u0131n\u0131n korunmas\u0131 yerine sermaye lehine bir tutum sergilendi\u011fi ifade edildi.<\/p>\n<p>Milli G\u00fcvenlik Gerek\u00e7esiyle Al\u0131nan Karar<\/p>\n<p>Cumhurba\u015fkan\u0131\u2019n\u0131n grevi yasaklama karar\u0131n\u0131 \u201cmilli g\u00fcvenlik\u201d gerek\u00e7esiyle a\u00e7\u0131klad\u0131\u011f\u0131 belirtiliyor. Bu durum, i\u015f\u00e7i s\u0131n\u0131f\u0131 ve sendikalar taraf\u0131ndan ele\u015ftirilerek, i\u015f\u00e7ilerin sesini y\u00fckseltme ve hak m\u00fccadelelerini s\u00fcrd\u00fcrme kararl\u0131l\u0131\u011f\u0131n\u0131n artt\u0131\u011f\u0131na i\u015faret ediyor.<\/p>\n","protected":false},"excerpt":{"rendered":"<p>Cumhurba\u015fkan\u0131 Erdo\u011fan, Birle\u015fik Metal \u0130\u015f Sendikas\u0131\u2019n\u0131n grevini 60 g\u00fcn s\u00fcreyle yasaklad\u0131. Bu karar, Erdo\u011fan\u2019\u0131n i\u015f\u00e7i haklar\u0131na y\u00f6nelik yakla\u015f\u0131m\u0131n\u0131 bir kez daha g\u00f6zler \u00f6n\u00fcne serdi. \u0130\u015f\u00e7i Haklar\u0131n\u0131n Ask\u0131ya Al\u0131nmas\u0131 Sendika, grev hakk\u0131n\u0131 kullanmak \u00fczere yasa gere\u011fi topland\u0131\u011f\u0131 d\u00f6nemde, Cumhurba\u015fkan\u0131&#8217;n\u0131n ald\u0131\u011f\u0131 bu&#8230;<\/p>\n","protected":false},"author":1,"featured_media":16751,"comment_status":"closed","ping_status":"closed","sticky":false,"template":"","format":"standard","meta":{"footnotes":""},"categories":[23],"tags":[],"class_list":["post-16750","post","type-post","status-publish","format-standard","has-post-thumbnail","hentry","category-siyaset"],"_links":{"self":[{"href":"http:\/\/gazetevizyon.com\/index.php?rest_route=\/wp\/v2\/posts\/16750","targetHints":{"allow":["GET"]}}],"collection":[{"href":"http:\/\/gazetevizyon.com\/index.php?rest_route=\/wp\/v2\/posts"}],"about":[{"href":"http:\/\/gazetevizyon.com\/index.php?rest_route=\/wp\/v2\/types\/post"}],"author":[{"embeddable":true,"href":"http:\/\/gazetevizyon.com\/index.php?rest_route=\/wp\/v2\/users\/1"}],"replies":[{"embeddable":true,"href":"http:\/\/gazetevizyon.com\/index.php?rest_route=%2Fwp%2Fv2%2Fcomments&post=16750"}],"version-history":[{"count":0,"href":"http:\/\/gazetevizyon.com\/index.php?rest_route=\/wp\/v2\/posts\/16750\/revisions"}],"wp:featuredmedia":[{"embeddable":true,"href":"http:\/\/gazetevizyon.com\/index.php?rest_route=\/wp\/v2\/media\/16751"}],"wp:attachment":[{"href":"http:\/\/gazetevizyon.com\/index.php?rest_route=%2Fwp%2Fv2%2Fmedia&parent=16750"}],"wp:term":[{"taxonomy":"category","embeddable":true,"href":"http:\/\/gazetevizyon.com\/index.php?rest_route=%2Fwp%2Fv2%2Fcategories&post=16750"},{"taxonomy":"post_tag","embeddable":true,"href":"http:\/\/gazetevizyon.com\/index.php?rest_route=%2Fwp%2Fv2%2Ftags&post=16750"}],"curies":[{"name":"wp","href":"https:\/\/api.w.org\/{rel}","templated":true}]}}