{"id":16895,"date":"2024-12-16T05:56:58","date_gmt":"2024-12-16T05:56:58","guid":{"rendered":"http:\/\/gazetevizyon.com\/?p=16895"},"modified":"2024-12-16T05:56:58","modified_gmt":"2024-12-16T05:56:58","slug":"bandirma-onyedi-eylul-universitesi-rektoru-prof-dr-ismail-boz-izmir-kavram-meslek-yuksekokulu-muduru-prof-dr-derman-kucukaltani-agirladi","status":"publish","type":"post","link":"http:\/\/gazetevizyon.com\/?p=16895","title":{"rendered":"Band\u0131rma Onyedi Eyl\u00fcl \u00dcniversitesi Rekt\u00f6r\u00fc Prof. Dr. \u0130smail Boz, \u0130zmir Kavram Meslek Y\u00fcksekokulu M\u00fcd\u00fcr\u00fc Prof. Dr. Derman K\u00fc\u00e7\u00fckaltan&#8217;\u0131 A\u011f\u0131rlad\u0131"},"content":{"rendered":"<p>    Band\u0131rma Onyedi Eyl\u00fcl \u00dcniversitesi Rekt\u00f6r\u00fc Prof. Dr. \u0130smail Boz, \u0130zmir Kavram Meslek Y\u00fcksekokulu M\u00fcd\u00fcr\u00fc Prof. Dr. Derman K\u00fc\u00e7\u00fckaltan&#8217;\u0131 makam\u0131nda a\u011f\u0131rlad\u0131. Ziyaret s\u0131ras\u0131nda, iki akademik y\u00f6netici farkl\u0131 konularda fikir al\u0131\u015fveri\u015finde bulunarak \u00fcniversitelerin e\u011fitim s\u00fcre\u00e7leri hakk\u0131nda g\u00f6r\u00fc\u015flerini payla\u015ft\u0131. Rekt\u00f6r Boz, Prof. Dr. K\u00fc\u00e7\u00fckaltan\u2019a nazik ziyareti i\u00e7in te\u015fekk\u00fcr etti. Bu bulu\u015fma, \u00fcniversiteler aras\u0131 i\u015fbirlikleri ve akademik diyaloglar\u0131n g\u00fc\u00e7lendirilmesi a\u00e7\u0131s\u0131ndan \u00f6nemli bir ad\u0131m olarak de\u011ferlendiriliyor.<\/p>\n","protected":false},"excerpt":{"rendered":"<p>Band\u0131rma Onyedi Eyl\u00fcl \u00dcniversitesi Rekt\u00f6r\u00fc Prof. Dr. \u0130smail Boz, \u0130zmir Kavram Meslek Y\u00fcksekokulu M\u00fcd\u00fcr\u00fc Prof. Dr. Derman K\u00fc\u00e7\u00fckaltan&#8217;\u0131 makam\u0131nda a\u011f\u0131rlad\u0131. Ziyaret s\u0131ras\u0131nda, iki akademik y\u00f6netici farkl\u0131 konularda fikir al\u0131\u015fveri\u015finde bulunarak \u00fcniversitelerin e\u011fitim s\u00fcre\u00e7leri hakk\u0131nda g\u00f6r\u00fc\u015flerini payla\u015ft\u0131. Rekt\u00f6r Boz, Prof. Dr&#8230;.<\/p>\n","protected":false},"author":1,"featured_media":16896,"comment_status":"closed","ping_status":"closed","sticky":false,"template":"","format":"standard","meta":{"footnotes":""},"categories":[27],"tags":[],"class_list":["post-16895","post","type-post","status-publish","format-standard","has-post-thumbnail","hentry","category-egitim"],"_links":{"self":[{"href":"http:\/\/gazetevizyon.com\/index.php?rest_route=\/wp\/v2\/posts\/16895","targetHints":{"allow":["GET"]}}],"collection":[{"href":"http:\/\/gazetevizyon.com\/index.php?rest_route=\/wp\/v2\/posts"}],"about":[{"href":"http:\/\/gazetevizyon.com\/index.php?rest_route=\/wp\/v2\/types\/post"}],"author":[{"embeddable":true,"href":"http:\/\/gazetevizyon.com\/index.php?rest_route=\/wp\/v2\/users\/1"}],"replies":[{"embeddable":true,"href":"http:\/\/gazetevizyon.com\/index.php?rest_route=%2Fwp%2Fv2%2Fcomments&post=16895"}],"version-history":[{"count":0,"href":"http:\/\/gazetevizyon.com\/index.php?rest_route=\/wp\/v2\/posts\/16895\/revisions"}],"wp:featuredmedia":[{"embeddable":true,"href":"http:\/\/gazetevizyon.com\/index.php?rest_route=\/wp\/v2\/media\/16896"}],"wp:attachment":[{"href":"http:\/\/gazetevizyon.com\/index.php?rest_route=%2Fwp%2Fv2%2Fmedia&parent=16895"}],"wp:term":[{"taxonomy":"category","embeddable":true,"href":"http:\/\/gazetevizyon.com\/index.php?rest_route=%2Fwp%2Fv2%2Fcategories&post=16895"},{"taxonomy":"post_tag","embeddable":true,"href":"http:\/\/gazetevizyon.com\/index.php?rest_route=%2Fwp%2Fv2%2Ftags&post=16895"}],"curies":[{"name":"wp","href":"https:\/\/api.w.org\/{rel}","templated":true}]}}