{"id":17041,"date":"2024-12-21T06:32:24","date_gmt":"2024-12-21T06:32:24","guid":{"rendered":"http:\/\/gazetevizyon.com\/?p=17041"},"modified":"2024-12-21T06:32:24","modified_gmt":"2024-12-21T06:32:24","slug":"balikesir-universitesinde-turk-dunyasi-ogrencileri-toplandi","status":"publish","type":"post","link":"http:\/\/gazetevizyon.com\/?p=17041","title":{"rendered":"Bal\u0131kesir \u00dcniversitesi&#8217;nde T\u00fcrk D\u00fcnyas\u0131 \u00d6\u011frencileri Topland\u0131"},"content":{"rendered":"<p>    Bal\u0131kesir \u00dcniversitesi&#8217;nde, T\u00fcrk D\u00fcnyas\u0131 \u00d6\u011frencileri Bal\u0131kesir&#8217;de bulu\u015ftu. &#8220;T\u00fcrk D\u00fcnyas\u0131 \u00d6\u011frencileri Bal\u0131kesirde Bulu\u015fuyor&#8221; isimli konferans, Y\u00f6r\u00fck T\u00fcrkmen K\u00fclt\u00fcr\u00fcn\u00fc Ara\u015ft\u0131rma Toplulu\u011fu taraf\u0131ndan d\u00fczenlendi. Etkinlik, T\u00fcrk D\u00fcnyas\u0131&#8217;n\u0131n farkl\u0131 noktalar\u0131ndan gelen \u00f6\u011frencileri bir araya getirerek k\u00fclt\u00fcrel etkile\u015fim sa\u011flamay\u0131 ama\u00e7l\u0131yor.<\/p>\n<p>    Konferansa Bal\u0131kesir \u00dcniversitesi Rekt\u00f6r\u00fc Prof. Dr. Y\u00fccel O\u011furlu, Rekt\u00f6r Yard\u0131mc\u0131s\u0131 Prof. Dr. Cevdet Avc\u0131kurt, Bal\u0131kesir Y\u00f6r\u00fck T\u00fcrkmen Federasyonu Ba\u015fkan\u0131 Sinan Erg\u00fcven ve Maden Tetkik Arama (MTA) Kuzeybat\u0131 Anadolu B\u00f6lge M\u00fcd\u00fcr Vekili \u00d6zg\u00fcr \u00d6zg\u00fc\u00e7 kat\u0131l\u0131m sa\u011flad\u0131. Ayr\u0131ca, akademik ve idari personel ile \u00e7ok say\u0131da \u00f6\u011frenci etkinlikte yer ald\u0131.<\/p>\n<p>    Etkinli\u011fin a\u00e7\u0131l\u0131\u015f konu\u015fmas\u0131n\u0131 ger\u00e7ekle\u015ftiren Bal\u0131kesir \u00dcniversitesi Rekt\u00f6r\u00fc Prof. Dr. Y\u00fccel O\u011furlu, T\u00fcrk D\u00fcnyas\u0131 \u00f6\u011frencilerini bir araya getiren bu organizasyonun \u00f6nemine de\u011findi. O\u011furlu, etkinli\u011fin d\u00fczenlenmesinde eme\u011fi ge\u00e7en herkese te\u015fekk\u00fcr etti.<\/p>\n<p>    Konferans\u0131n moderat\u00f6rl\u00fc\u011f\u00fcn\u00fc, BA\u00dcN Y\u00f6r\u00fck T\u00fcrkmen K\u00fclt\u00fcr\u00fcn\u00fc Ara\u015ft\u0131rma Toplulu\u011fu Akademik Dan\u0131\u015fman\u0131 Do\u00e7. Dr. Ahmet Akg\u00fcn \u00fcstlendi. Panelde, B\u00fcy\u00fck D\u00fc\u015f\u00fcnen Gen\u00e7lik Derne\u011fi Ba\u015fkan\u0131 Yusuf Alfat, T\u00fcrk D\u00fcnyas\u0131 Ara\u015ft\u0131rmac\u0131s\u0131 Yusuf Akg\u00fcn ve T\u00fcrk D\u00fcnyas\u0131 Y\u00f6r\u00fck T\u00fcrkmen Birli\u011fi Genel Ba\u015fkan\u0131 \u0130rfan Tatl\u0131o\u011flu konu\u015fmac\u0131 olarak yer ald\u0131.<\/p>\n<p>    Bu t\u00fcr etkinliklerin, T\u00fcrk D\u00fcnyas\u0131 \u00f6\u011frencileri aras\u0131nda k\u00fclt\u00fcrel ba\u011flar\u0131n g\u00fc\u00e7lenmesine ve kar\u015f\u0131l\u0131kl\u0131 anlay\u0131\u015f\u0131n artmas\u0131na katk\u0131 sa\u011flad\u0131\u011f\u0131 vurguland\u0131. Kat\u0131l\u0131mc\u0131lar, T\u00fcrk k\u00fclt\u00fcr\u00fc ve gelenekleri \u00fczerine fikir al\u0131\u015fveri\u015finde bulunma f\u0131rsat\u0131 buldu.<\/p>\n","protected":false},"excerpt":{"rendered":"<p>Bal\u0131kesir \u00dcniversitesi&#8217;nde, T\u00fcrk D\u00fcnyas\u0131 \u00d6\u011frencileri Bal\u0131kesir&#8217;de bulu\u015ftu. &#8220;T\u00fcrk D\u00fcnyas\u0131 \u00d6\u011frencileri Bal\u0131kesirde Bulu\u015fuyor&#8221; isimli konferans, Y\u00f6r\u00fck T\u00fcrkmen K\u00fclt\u00fcr\u00fcn\u00fc Ara\u015ft\u0131rma Toplulu\u011fu taraf\u0131ndan d\u00fczenlendi. Etkinlik, T\u00fcrk D\u00fcnyas\u0131&#8217;n\u0131n farkl\u0131 noktalar\u0131ndan gelen \u00f6\u011frencileri bir araya getirerek k\u00fclt\u00fcrel etkile\u015fim sa\u011flamay\u0131 ama\u00e7l\u0131yor. Konferansa Bal\u0131kesir \u00dcniversitesi Rekt\u00f6r\u00fc Prof&#8230;.<\/p>\n","protected":false},"author":1,"featured_media":17042,"comment_status":"closed","ping_status":"closed","sticky":false,"template":"","format":"standard","meta":{"footnotes":""},"categories":[27],"tags":[],"class_list":["post-17041","post","type-post","status-publish","format-standard","has-post-thumbnail","hentry","category-egitim"],"_links":{"self":[{"href":"http:\/\/gazetevizyon.com\/index.php?rest_route=\/wp\/v2\/posts\/17041","targetHints":{"allow":["GET"]}}],"collection":[{"href":"http:\/\/gazetevizyon.com\/index.php?rest_route=\/wp\/v2\/posts"}],"about":[{"href":"http:\/\/gazetevizyon.com\/index.php?rest_route=\/wp\/v2\/types\/post"}],"author":[{"embeddable":true,"href":"http:\/\/gazetevizyon.com\/index.php?rest_route=\/wp\/v2\/users\/1"}],"replies":[{"embeddable":true,"href":"http:\/\/gazetevizyon.com\/index.php?rest_route=%2Fwp%2Fv2%2Fcomments&post=17041"}],"version-history":[{"count":0,"href":"http:\/\/gazetevizyon.com\/index.php?rest_route=\/wp\/v2\/posts\/17041\/revisions"}],"wp:featuredmedia":[{"embeddable":true,"href":"http:\/\/gazetevizyon.com\/index.php?rest_route=\/wp\/v2\/media\/17042"}],"wp:attachment":[{"href":"http:\/\/gazetevizyon.com\/index.php?rest_route=%2Fwp%2Fv2%2Fmedia&parent=17041"}],"wp:term":[{"taxonomy":"category","embeddable":true,"href":"http:\/\/gazetevizyon.com\/index.php?rest_route=%2Fwp%2Fv2%2Fcategories&post=17041"},{"taxonomy":"post_tag","embeddable":true,"href":"http:\/\/gazetevizyon.com\/index.php?rest_route=%2Fwp%2Fv2%2Ftags&post=17041"}],"curies":[{"name":"wp","href":"https:\/\/api.w.org\/{rel}","templated":true}]}}